{"id":411,"date":"2023-05-19T10:36:00","date_gmt":"2023-05-19T08:36:00","guid":{"rendered":"https:\/\/www.tousnosprojets-bpifrance.fr\/blogwp\/caritatif-pour-le-telethon-des-8-et-9-decembre-vire-se-mobilise\/"},"modified":"2023-05-19T10:36:00","modified_gmt":"2023-05-19T08:36:00","slug":"caritatif-pour-le-telethon-des-8-et-9-decembre-vire-se-mobilise","status":"publish","type":"post","link":"https:\/\/www.tousnosprojets-bpifrance.fr\/blogwp\/caritatif-pour-le-telethon-des-8-et-9-decembre-vire-se-mobilise\/","title":{"rendered":"Caritatif. Pour le T\u00e9l\u00e9thon des 8 et 9 d\u00e9cembre, Vire se mobilise"},"content":{"rendered":"<p> Recherche. Le T\u00e9l\u00e9thon est une cause que d\u00e9fend le pays de Vire presque depuis ses d\u00e9buts. En 2022, le Bocage virois a r\u00e9colt\u00e9 40 508 \u20ac. Pour la 37e \u00e9dition, des associations ont d\u00e9j\u00e0 &#8230; Cet \u00e9crit est reproduit de la fa\u00e7on la plus honn\u00eate qui soit. Vous pouvez envoyer un message aux coordonn\u00e9es fournies sur notre site pour indiquer des pr\u00e9cisions sur ce contenu traitant du th\u00e8me \u00ab\u00a0crowdfunding\u00a0\u00bb. L\u2019objectif de tousnosprojets-bpifrance.fr \u00e9tant de collecter sur internet des donn\u00e9es sur le sujet de crowdfunding et les diffuser en t\u00e2chant de r\u00e9pondre au mieux aux questions du public. Vous pouvez tirer profit de ce post traitant le sujet \u00ab\u00a0crowdfunding\u00a0\u00bb. Il est s\u00e9lectionn\u00e9 par l\u2019\u00e9quipe tousnosprojets-bpifrance.fr. Consultez notre site internet tousnosprojets-bpifrance.fr et nos r\u00e9seaux sociaux dans l\u2019optique d\u2019\u00eatre au courant des prochaines communications.<\/p>\n","protected":false},"excerpt":{"rendered":"<p>Recherche. Le T\u00e9l\u00e9thon est une cause que d\u00e9fend le pays de Vire presque depuis ses d\u00e9buts. En 2022, le Bocage virois a r\u00e9colt\u00e9 40 508 \u20ac. Pour la 37e \u00e9dition, des associations ont d\u00e9j\u00e0 &#8230; Cet \u00e9crit est reproduit de la fa\u00e7on la plus honn\u00eate qui soit. Vous pouvez envoyer un message aux coordonn\u00e9es fournies [&hellip;]<\/p>\n","protected":false},"author":2,"featured_media":0,"comment_status":"closed","ping_status":"closed","sticky":false,"template":"","format":"standard","meta":{"footnotes":""},"categories":[4],"tags":[],"class_list":["post-411","post","type-post","status-publish","format-standard","hentry","category-publication-crowdfunding","entry"],"yoast_head":"<!-- This site is optimized with the Yoast SEO plugin v27.5 - https:\/\/yoast.com\/product\/yoast-seo-wordpress\/ -->\n<title>Caritatif. Pour le T\u00e9l\u00e9thon des 8 et 9 d\u00e9cembre, Vire se mobilise - TOUSNOSPROJETS-BPIFRANCE<\/title>\n<meta name=\"description\" content=\"Caritatif. Pour le T\u00e9l\u00e9thon des 8 et 9 d\u00e9cembre, Vire se mobilise article de TOUSNOSPROJETS-BPIFRANCE\" \/>\n<meta name=\"robots\" content=\"index, follow, max-snippet:-1, max-image-preview:large, max-video-preview:-1\" \/>\n<link rel=\"canonical\" href=\"https:\/\/www.tousnosprojets-bpifrance.fr\/blogwp\/caritatif-pour-le-telethon-des-8-et-9-decembre-vire-se-mobilise\/\" \/>\n<meta property=\"og:locale\" content=\"fr_FR\" \/>\n<meta property=\"og:type\" content=\"article\" \/>\n<meta property=\"og:title\" content=\"Caritatif. Pour le T\u00e9l\u00e9thon des 8 et 9 d\u00e9cembre, Vire se mobilise - TOUSNOSPROJETS-BPIFRANCE\" \/>\n<meta property=\"og:description\" content=\"Caritatif. Pour le T\u00e9l\u00e9thon des 8 et 9 d\u00e9cembre, Vire se mobilise article de TOUSNOSPROJETS-BPIFRANCE\" \/>\n<meta property=\"og:url\" content=\"https:\/\/www.tousnosprojets-bpifrance.fr\/blogwp\/caritatif-pour-le-telethon-des-8-et-9-decembre-vire-se-mobilise\/\" \/>\n<meta property=\"og:site_name\" content=\"TOUSNOSPROJETS-BPIFRANCE\" \/>\n<meta property=\"article:published_time\" content=\"2023-05-19T08:36:00+00:00\" \/>\n<meta name=\"author\" content=\"Alan Perret\" \/>\n<meta name=\"twitter:card\" content=\"summary_large_image\" \/>\n<meta name=\"twitter:label1\" content=\"\u00c9crit par\" \/>\n\t<meta name=\"twitter:data1\" content=\"Alan Perret\" \/>\n\t<meta name=\"twitter:label2\" content=\"Dur\u00e9e de lecture estim\u00e9e\" \/>\n\t<meta name=\"twitter:data2\" content=\"1 minute\" \/>\n<script type=\"application\/ld+json\" class=\"yoast-schema-graph\">{\"@context\":\"https:\\\/\\\/schema.org\",\"@graph\":[{\"@type\":\"Article\",\"@id\":\"https:\\\/\\\/www.tousnosprojets-bpifrance.fr\\\/blogwp\\\/caritatif-pour-le-telethon-des-8-et-9-decembre-vire-se-mobilise\\\/#article\",\"isPartOf\":{\"@id\":\"https:\\\/\\\/www.tousnosprojets-bpifrance.fr\\\/blogwp\\\/caritatif-pour-le-telethon-des-8-et-9-decembre-vire-se-mobilise\\\/\"},\"author\":{\"name\":\"Alan Perret\",\"@id\":\"https:\\\/\\\/www.tousnosprojets-bpifrance.fr\\\/blogwp\\\/#\\\/schema\\\/person\\\/f876c490a3740cc789c3cb1e65a8adc0\"},\"headline\":\"Caritatif. Pour le T\u00e9l\u00e9thon des 8 et 9 d\u00e9cembre, Vire se mobilise\",\"datePublished\":\"2023-05-19T08:36:00+00:00\",\"mainEntityOfPage\":{\"@id\":\"https:\\\/\\\/www.tousnosprojets-bpifrance.fr\\\/blogwp\\\/caritatif-pour-le-telethon-des-8-et-9-decembre-vire-se-mobilise\\\/\"},\"wordCount\":162,\"articleSection\":[\"Publication Crowdfunding:\"],\"inLanguage\":\"fr-FR\"},{\"@type\":\"WebPage\",\"@id\":\"https:\\\/\\\/www.tousnosprojets-bpifrance.fr\\\/blogwp\\\/caritatif-pour-le-telethon-des-8-et-9-decembre-vire-se-mobilise\\\/\",\"url\":\"https:\\\/\\\/www.tousnosprojets-bpifrance.fr\\\/blogwp\\\/caritatif-pour-le-telethon-des-8-et-9-decembre-vire-se-mobilise\\\/\",\"name\":\"Caritatif. Pour le T\u00e9l\u00e9thon des 8 et 9 d\u00e9cembre, Vire se mobilise - TOUSNOSPROJETS-BPIFRANCE\",\"isPartOf\":{\"@id\":\"https:\\\/\\\/www.tousnosprojets-bpifrance.fr\\\/blogwp\\\/#website\"},\"datePublished\":\"2023-05-19T08:36:00+00:00\",\"author\":{\"@id\":\"https:\\\/\\\/www.tousnosprojets-bpifrance.fr\\\/blogwp\\\/#\\\/schema\\\/person\\\/f876c490a3740cc789c3cb1e65a8adc0\"},\"description\":\"Caritatif. Pour le T\u00e9l\u00e9thon des 8 et 9 d\u00e9cembre, Vire se mobilise article de TOUSNOSPROJETS-BPIFRANCE\",\"breadcrumb\":{\"@id\":\"https:\\\/\\\/www.tousnosprojets-bpifrance.fr\\\/blogwp\\\/caritatif-pour-le-telethon-des-8-et-9-decembre-vire-se-mobilise\\\/#breadcrumb\"},\"inLanguage\":\"fr-FR\",\"potentialAction\":[{\"@type\":\"ReadAction\",\"target\":[\"https:\\\/\\\/www.tousnosprojets-bpifrance.fr\\\/blogwp\\\/caritatif-pour-le-telethon-des-8-et-9-decembre-vire-se-mobilise\\\/\"]}]},{\"@type\":\"BreadcrumbList\",\"@id\":\"https:\\\/\\\/www.tousnosprojets-bpifrance.fr\\\/blogwp\\\/caritatif-pour-le-telethon-des-8-et-9-decembre-vire-se-mobilise\\\/#breadcrumb\",\"itemListElement\":[{\"@type\":\"ListItem\",\"position\":1,\"name\":\"Accueil\",\"item\":\"https:\\\/\\\/www.tousnosprojets-bpifrance.fr\\\/blogwp\\\/\"},{\"@type\":\"ListItem\",\"position\":2,\"name\":\"Caritatif. Pour le T\u00e9l\u00e9thon des 8 et 9 d\u00e9cembre, Vire se mobilise\"}]},{\"@type\":\"WebSite\",\"@id\":\"https:\\\/\\\/www.tousnosprojets-bpifrance.fr\\\/blogwp\\\/#website\",\"url\":\"https:\\\/\\\/www.tousnosprojets-bpifrance.fr\\\/blogwp\\\/\",\"name\":\"TOUSNOSPROJETS-BPIFRANCE\",\"description\":\"crowdfunding: Trucs, astuces et prestations.\",\"potentialAction\":[{\"@type\":\"SearchAction\",\"target\":{\"@type\":\"EntryPoint\",\"urlTemplate\":\"https:\\\/\\\/www.tousnosprojets-bpifrance.fr\\\/blogwp\\\/?s={search_term_string}\"},\"query-input\":{\"@type\":\"PropertyValueSpecification\",\"valueRequired\":true,\"valueName\":\"search_term_string\"}}],\"inLanguage\":\"fr-FR\"},{\"@type\":\"Person\",\"@id\":\"https:\\\/\\\/www.tousnosprojets-bpifrance.fr\\\/blogwp\\\/#\\\/schema\\\/person\\\/f876c490a3740cc789c3cb1e65a8adc0\",\"name\":\"Alan Perret\",\"image\":{\"@type\":\"ImageObject\",\"inLanguage\":\"fr-FR\",\"@id\":\"https:\\\/\\\/secure.gravatar.com\\\/avatar\\\/c6e94dc416a5e20b84c52da96347c55f193db85e5d7151f7011cdb10e2d787f1?s=96&d=mm&r=g\",\"url\":\"https:\\\/\\\/secure.gravatar.com\\\/avatar\\\/c6e94dc416a5e20b84c52da96347c55f193db85e5d7151f7011cdb10e2d787f1?s=96&d=mm&r=g\",\"contentUrl\":\"https:\\\/\\\/secure.gravatar.com\\\/avatar\\\/c6e94dc416a5e20b84c52da96347c55f193db85e5d7151f7011cdb10e2d787f1?s=96&d=mm&r=g\",\"caption\":\"Alan Perret\"},\"url\":\"https:\\\/\\\/www.tousnosprojets-bpifrance.fr\\\/blogwp\\\/author\\\/ncealan\\\/\"}]}<\/script>\n<!-- \/ Yoast SEO plugin. -->","yoast_head_json":{"title":"Caritatif. Pour le T\u00e9l\u00e9thon des 8 et 9 d\u00e9cembre, Vire se mobilise - TOUSNOSPROJETS-BPIFRANCE","description":"Caritatif. Pour le T\u00e9l\u00e9thon des 8 et 9 d\u00e9cembre, Vire se mobilise article de TOUSNOSPROJETS-BPIFRANCE","robots":{"index":"index","follow":"follow","max-snippet":"max-snippet:-1","max-image-preview":"max-image-preview:large","max-video-preview":"max-video-preview:-1"},"canonical":"https:\/\/www.tousnosprojets-bpifrance.fr\/blogwp\/caritatif-pour-le-telethon-des-8-et-9-decembre-vire-se-mobilise\/","og_locale":"fr_FR","og_type":"article","og_title":"Caritatif. Pour le T\u00e9l\u00e9thon des 8 et 9 d\u00e9cembre, Vire se mobilise - TOUSNOSPROJETS-BPIFRANCE","og_description":"Caritatif. Pour le T\u00e9l\u00e9thon des 8 et 9 d\u00e9cembre, Vire se mobilise article de TOUSNOSPROJETS-BPIFRANCE","og_url":"https:\/\/www.tousnosprojets-bpifrance.fr\/blogwp\/caritatif-pour-le-telethon-des-8-et-9-decembre-vire-se-mobilise\/","og_site_name":"TOUSNOSPROJETS-BPIFRANCE","article_published_time":"2023-05-19T08:36:00+00:00","author":"Alan Perret","twitter_card":"summary_large_image","twitter_misc":{"\u00c9crit par":"Alan Perret","Dur\u00e9e de lecture estim\u00e9e":"1 minute"},"schema":{"@context":"https:\/\/schema.org","@graph":[{"@type":"Article","@id":"https:\/\/www.tousnosprojets-bpifrance.fr\/blogwp\/caritatif-pour-le-telethon-des-8-et-9-decembre-vire-se-mobilise\/#article","isPartOf":{"@id":"https:\/\/www.tousnosprojets-bpifrance.fr\/blogwp\/caritatif-pour-le-telethon-des-8-et-9-decembre-vire-se-mobilise\/"},"author":{"name":"Alan Perret","@id":"https:\/\/www.tousnosprojets-bpifrance.fr\/blogwp\/#\/schema\/person\/f876c490a3740cc789c3cb1e65a8adc0"},"headline":"Caritatif. Pour le T\u00e9l\u00e9thon des 8 et 9 d\u00e9cembre, Vire se mobilise","datePublished":"2023-05-19T08:36:00+00:00","mainEntityOfPage":{"@id":"https:\/\/www.tousnosprojets-bpifrance.fr\/blogwp\/caritatif-pour-le-telethon-des-8-et-9-decembre-vire-se-mobilise\/"},"wordCount":162,"articleSection":["Publication Crowdfunding:"],"inLanguage":"fr-FR"},{"@type":"WebPage","@id":"https:\/\/www.tousnosprojets-bpifrance.fr\/blogwp\/caritatif-pour-le-telethon-des-8-et-9-decembre-vire-se-mobilise\/","url":"https:\/\/www.tousnosprojets-bpifrance.fr\/blogwp\/caritatif-pour-le-telethon-des-8-et-9-decembre-vire-se-mobilise\/","name":"Caritatif. Pour le T\u00e9l\u00e9thon des 8 et 9 d\u00e9cembre, Vire se mobilise - TOUSNOSPROJETS-BPIFRANCE","isPartOf":{"@id":"https:\/\/www.tousnosprojets-bpifrance.fr\/blogwp\/#website"},"datePublished":"2023-05-19T08:36:00+00:00","author":{"@id":"https:\/\/www.tousnosprojets-bpifrance.fr\/blogwp\/#\/schema\/person\/f876c490a3740cc789c3cb1e65a8adc0"},"description":"Caritatif. Pour le T\u00e9l\u00e9thon des 8 et 9 d\u00e9cembre, Vire se mobilise article de TOUSNOSPROJETS-BPIFRANCE","breadcrumb":{"@id":"https:\/\/www.tousnosprojets-bpifrance.fr\/blogwp\/caritatif-pour-le-telethon-des-8-et-9-decembre-vire-se-mobilise\/#breadcrumb"},"inLanguage":"fr-FR","potentialAction":[{"@type":"ReadAction","target":["https:\/\/www.tousnosprojets-bpifrance.fr\/blogwp\/caritatif-pour-le-telethon-des-8-et-9-decembre-vire-se-mobilise\/"]}]},{"@type":"BreadcrumbList","@id":"https:\/\/www.tousnosprojets-bpifrance.fr\/blogwp\/caritatif-pour-le-telethon-des-8-et-9-decembre-vire-se-mobilise\/#breadcrumb","itemListElement":[{"@type":"ListItem","position":1,"name":"Accueil","item":"https:\/\/www.tousnosprojets-bpifrance.fr\/blogwp\/"},{"@type":"ListItem","position":2,"name":"Caritatif. Pour le T\u00e9l\u00e9thon des 8 et 9 d\u00e9cembre, Vire se mobilise"}]},{"@type":"WebSite","@id":"https:\/\/www.tousnosprojets-bpifrance.fr\/blogwp\/#website","url":"https:\/\/www.tousnosprojets-bpifrance.fr\/blogwp\/","name":"TOUSNOSPROJETS-BPIFRANCE","description":"crowdfunding: Trucs, astuces et prestations.","potentialAction":[{"@type":"SearchAction","target":{"@type":"EntryPoint","urlTemplate":"https:\/\/www.tousnosprojets-bpifrance.fr\/blogwp\/?s={search_term_string}"},"query-input":{"@type":"PropertyValueSpecification","valueRequired":true,"valueName":"search_term_string"}}],"inLanguage":"fr-FR"},{"@type":"Person","@id":"https:\/\/www.tousnosprojets-bpifrance.fr\/blogwp\/#\/schema\/person\/f876c490a3740cc789c3cb1e65a8adc0","name":"Alan Perret","image":{"@type":"ImageObject","inLanguage":"fr-FR","@id":"https:\/\/secure.gravatar.com\/avatar\/c6e94dc416a5e20b84c52da96347c55f193db85e5d7151f7011cdb10e2d787f1?s=96&d=mm&r=g","url":"https:\/\/secure.gravatar.com\/avatar\/c6e94dc416a5e20b84c52da96347c55f193db85e5d7151f7011cdb10e2d787f1?s=96&d=mm&r=g","contentUrl":"https:\/\/secure.gravatar.com\/avatar\/c6e94dc416a5e20b84c52da96347c55f193db85e5d7151f7011cdb10e2d787f1?s=96&d=mm&r=g","caption":"Alan Perret"},"url":"https:\/\/www.tousnosprojets-bpifrance.fr\/blogwp\/author\/ncealan\/"}]}},"_links":{"self":[{"href":"https:\/\/www.tousnosprojets-bpifrance.fr\/blogwp\/wp-json\/wp\/v2\/posts\/411","targetHints":{"allow":["GET"]}}],"collection":[{"href":"https:\/\/www.tousnosprojets-bpifrance.fr\/blogwp\/wp-json\/wp\/v2\/posts"}],"about":[{"href":"https:\/\/www.tousnosprojets-bpifrance.fr\/blogwp\/wp-json\/wp\/v2\/types\/post"}],"author":[{"embeddable":true,"href":"https:\/\/www.tousnosprojets-bpifrance.fr\/blogwp\/wp-json\/wp\/v2\/users\/2"}],"replies":[{"embeddable":true,"href":"https:\/\/www.tousnosprojets-bpifrance.fr\/blogwp\/wp-json\/wp\/v2\/comments?post=411"}],"version-history":[{"count":0,"href":"https:\/\/www.tousnosprojets-bpifrance.fr\/blogwp\/wp-json\/wp\/v2\/posts\/411\/revisions"}],"wp:attachment":[{"href":"https:\/\/www.tousnosprojets-bpifrance.fr\/blogwp\/wp-json\/wp\/v2\/media?parent=411"}],"wp:term":[{"taxonomy":"category","embeddable":true,"href":"https:\/\/www.tousnosprojets-bpifrance.fr\/blogwp\/wp-json\/wp\/v2\/categories?post=411"},{"taxonomy":"post_tag","embeddable":true,"href":"https:\/\/www.tousnosprojets-bpifrance.fr\/blogwp\/wp-json\/wp\/v2\/tags?post=411"}],"curies":[{"name":"wp","href":"https:\/\/api.w.org\/{rel}","templated":true}]}}