{"id":165,"date":"2022-10-24T18:43:00","date_gmt":"2022-10-24T17:43:00","guid":{"rendered":"https:\/\/www.tousnosprojets-bpifrance.fr\/un-parc-eolien-caritatif-en-developpement-en-champagne\/"},"modified":"2022-10-24T18:43:00","modified_gmt":"2022-10-24T17:43:00","slug":"un-parc-eolien-caritatif-en-developpement-en-champagne","status":"publish","type":"post","link":"https:\/\/www.tousnosprojets-bpifrance.fr\/blogwp\/un-parc-eolien-caritatif-en-developpement-en-champagne\/","title":{"rendered":"Un parc \u00e9olien \u00ab caritatif \u00bb en d\u00e9veloppement en Champagne"},"content":{"rendered":"<p> <!-- ad_automatik_link_tag START 1667451408.7661 --> <\/p>\n<p>Six <a title=\"Voir le mot-cl\u00e9: eoliennes (121 articles)\" class=\"autobesttag\" rel=\"nofollow\" href=\"https:\/\/www.lemondedelenergie.com\/tag\/eoliennes\/\">\u00e9oliennes<\/a> au profit d\u2019organisations caritatives: une soci\u00e9t\u00e9 champenoise sp\u00e9cialiste de l\u2019\u00e9olien a annonc\u00e9 avoir sign\u00e9 une lettre d\u2019engagement aupr\u00e8s de trois associations oeuvrant pour la sant\u00e9 afin de d\u00e9velopper un parc \u00e9olien \u00e0 leur seul profit.<\/p>\n<p>Baptis\u00e9 \u00ab&nbsp;Souffle d\u2019espoir&nbsp;\u00bb, ce parc, une premi\u00e8re du genre, doit \u00eatre \u00e9rig\u00e9 \u00e0 Songy, dans la Marne, dans le prolongement d\u2019un site d\u00e9j\u00e0 existant de 13 <a title=\"Voir le mot-cl\u00e9: turbines (49 articles)\" class=\"autobesttag\" rel=\"nofollow\" href=\"https:\/\/www.lemondedelenergie.com\/tag\/turbines\/\">turbines<\/a>, a indiqu\u00e9 mercredi la soci\u00e9t\u00e9 Calyc\u00e9 D\u00e9veloppement, qui s\u2019est fix\u00e9 2021 comme horizon.<\/p>\n<p>Ce projet de six \u00e9oliennes d\u2019une capacit\u00e9 totale de 25,2 m\u00e9gawatts est d\u00e9velopp\u00e9 au c\u00f4t\u00e9 d\u2019autres partenaires b\u00e9n\u00e9voles: bureaux d\u2019\u00e9tudes, centre d\u2019expertise comptable, conseils juridiques\u2026 Une campagne de financement participatif est pr\u00e9vue, avec EnerFip, plateforme d\u00e9di\u00e9e aux \u00e9nergies renouvelables, une fois les autorisations administratives confirm\u00e9es.<\/p>\n<p>\u00ab&nbsp;Nous prenons en charge l\u2019ensemble des \u00e9tudes, conduisons et r\u00e9alisons le projet afin de transmettre les b\u00e9n\u00e9fices (\u2026) aux trois associations, qui en seront les seules et uniques b\u00e9n\u00e9ficiaires&nbsp;\u00bb, expliquent les cofondateurs de Calyc\u00e9, entreprise de Champagne-Ardenne qui depuis 2002 a d\u00e9velopp\u00e9 plus de 360 m\u00e9gawatts d\u2019\u00e9oliennes dans la r\u00e9gion.<\/p>\n<p>Les fonds doivent contribuer \u00e0 construire une maison d\u2019accueil pour parents d\u2019enfants atteints de cancers, \u00e0 un projet de recherche sur la mucoviscidose et \u00e0 r\u00e9habiliter un h\u00f4pital de jour d\u2019oncologie \u00e0 Reims, selon l\u2019engagement sign\u00e9 mardi.<\/p>\n<p>Les associations pourront c\u00e9der le site \u00e0 un exploitant d\u00e8s avant construction, Calyc\u00e9, bas\u00e9e \u00e0 6 km, contribuant au suivi des travaux et de l\u2019exploitation.<\/p>\n<p>\u00ab&nbsp;Loin des caricatures que certains essaient de faire, l\u2019\u00e9olien est avant tout l\u2019histoire de femmes et hommes engag\u00e9s au quotidien pour faire la transition \u00e9nerg\u00e9tique dans, avec et pour les territoires&nbsp;\u00bb, a comment\u00e9 Pauline Le Bertre, de l\u2019association professionnelle France Energie <a title=\"Voir le mot-cl\u00e9: eolienne (74 articles)\" class=\"autobesttag\" rel=\"nofollow\" href=\"https:\/\/www.lemondedelenergie.com\/tag\/eolienne\/\">Eolienne<\/a> (FEE).<\/p>\n<p><h3 class=\"jp-relatedposts-headline\"><em>Articles similaires<\/em><\/h3>\n<\/p>\n<p> <!-- ad_automatik_link_tag STOP after 0.011783 secs --> Cet \u00e9crit est reproduit de la fa\u00e7on la plus honn\u00eate qui soit. Vous pouvez envoyer un message aux coordonn\u00e9es fournies sur notre site pour indiquer des pr\u00e9cisions sur ce contenu traitant du th\u00e8me \u00ab\u00a0crowdfunding\u00a0\u00bb. L\u2019objectif de tousnosprojets-bpifrance.fr \u00e9tant de collecter sur internet des donn\u00e9es sur le sujet de crowdfunding et les diffuser en t\u00e2chant de r\u00e9pondre au mieux aux questions du public. Vous pouvez tirer profit de ce post traitant le sujet \u00ab\u00a0crowdfunding\u00a0\u00bb. Il est s\u00e9lectionn\u00e9 par l\u2019\u00e9quipe tousnosprojets-bpifrance.fr. Consultez notre site internet tousnosprojets-bpifrance.fr et nos r\u00e9seaux sociaux dans l\u2019optique d\u2019\u00eatre au courant des prochaines communications.<\/p>\n","protected":false},"excerpt":{"rendered":"<p>Six \u00e9oliennes au profit d\u2019organisations caritatives: une soci\u00e9t\u00e9 champenoise sp\u00e9cialiste de l\u2019\u00e9olien a annonc\u00e9 avoir sign\u00e9 une lettre d\u2019engagement aupr\u00e8s de trois associations oeuvrant pour la sant\u00e9 afin de d\u00e9velopper un parc \u00e9olien \u00e0 leur seul profit. Baptis\u00e9 \u00ab&nbsp;Souffle d\u2019espoir&nbsp;\u00bb, ce parc, une premi\u00e8re du genre, doit \u00eatre \u00e9rig\u00e9 \u00e0 Songy, dans la Marne, dans [&hellip;]<\/p>\n","protected":false},"author":2,"featured_media":166,"comment_status":"closed","ping_status":"closed","sticky":false,"template":"","format":"standard","meta":{"footnotes":""},"categories":[4],"tags":[],"class_list":["post-165","post","type-post","status-publish","format-standard","has-post-thumbnail","hentry","category-publication-crowdfunding","entry","has-media"],"yoast_head":"<!-- This site is optimized with the Yoast SEO plugin v27.5 - https:\/\/yoast.com\/product\/yoast-seo-wordpress\/ -->\n<title>Un parc \u00e9olien \u00ab caritatif \u00bb en d\u00e9veloppement en Champagne - TOUSNOSPROJETS-BPIFRANCE<\/title>\n<meta name=\"description\" content=\"Un parc \u00e9olien \u00ab caritatif \u00bb en d\u00e9veloppement en Champagne article de TOUSNOSPROJETS-BPIFRANCE\" \/>\n<meta name=\"robots\" content=\"index, follow, max-snippet:-1, max-image-preview:large, max-video-preview:-1\" \/>\n<link rel=\"canonical\" href=\"https:\/\/www.tousnosprojets-bpifrance.fr\/blogwp\/un-parc-eolien-caritatif-en-developpement-en-champagne\/\" \/>\n<meta property=\"og:locale\" content=\"fr_FR\" \/>\n<meta property=\"og:type\" content=\"article\" \/>\n<meta property=\"og:title\" content=\"Un parc \u00e9olien \u00ab caritatif \u00bb en d\u00e9veloppement en Champagne - TOUSNOSPROJETS-BPIFRANCE\" \/>\n<meta property=\"og:description\" content=\"Un parc \u00e9olien \u00ab caritatif \u00bb en d\u00e9veloppement en Champagne article de TOUSNOSPROJETS-BPIFRANCE\" \/>\n<meta property=\"og:url\" content=\"https:\/\/www.tousnosprojets-bpifrance.fr\/blogwp\/un-parc-eolien-caritatif-en-developpement-en-champagne\/\" \/>\n<meta property=\"og:site_name\" content=\"TOUSNOSPROJETS-BPIFRANCE\" \/>\n<meta property=\"article:published_time\" content=\"2022-10-24T17:43:00+00:00\" \/>\n<meta property=\"og:image\" content=\"https:\/\/www.tousnosprojets-bpifrance.fr\/blogwp\/wp-content\/uploads\/2022\/11\/un-parc-eolien-caritatif-en-developpement-en-champagne.jpg\" \/>\n\t<meta property=\"og:image:width\" content=\"800\" \/>\n\t<meta property=\"og:image:height\" content=\"615\" \/>\n\t<meta property=\"og:image:type\" content=\"image\/jpeg\" \/>\n<meta name=\"author\" content=\"Alan Perret\" \/>\n<meta name=\"twitter:card\" content=\"summary_large_image\" \/>\n<meta name=\"twitter:label1\" content=\"\u00c9crit par\" \/>\n\t<meta name=\"twitter:data1\" content=\"Alan Perret\" \/>\n\t<meta name=\"twitter:label2\" content=\"Dur\u00e9e de lecture estim\u00e9e\" \/>\n\t<meta name=\"twitter:data2\" content=\"2 minutes\" \/>\n<script type=\"application\/ld+json\" class=\"yoast-schema-graph\">{\"@context\":\"https:\\\/\\\/schema.org\",\"@graph\":[{\"@type\":\"Article\",\"@id\":\"https:\\\/\\\/www.tousnosprojets-bpifrance.fr\\\/blogwp\\\/un-parc-eolien-caritatif-en-developpement-en-champagne\\\/#article\",\"isPartOf\":{\"@id\":\"https:\\\/\\\/www.tousnosprojets-bpifrance.fr\\\/blogwp\\\/un-parc-eolien-caritatif-en-developpement-en-champagne\\\/\"},\"author\":{\"name\":\"Alan Perret\",\"@id\":\"https:\\\/\\\/www.tousnosprojets-bpifrance.fr\\\/blogwp\\\/#\\\/schema\\\/person\\\/f876c490a3740cc789c3cb1e65a8adc0\"},\"headline\":\"Un parc \u00e9olien \u00ab caritatif \u00bb en d\u00e9veloppement en Champagne\",\"datePublished\":\"2022-10-24T17:43:00+00:00\",\"mainEntityOfPage\":{\"@id\":\"https:\\\/\\\/www.tousnosprojets-bpifrance.fr\\\/blogwp\\\/un-parc-eolien-caritatif-en-developpement-en-champagne\\\/\"},\"wordCount\":444,\"image\":{\"@id\":\"https:\\\/\\\/www.tousnosprojets-bpifrance.fr\\\/blogwp\\\/un-parc-eolien-caritatif-en-developpement-en-champagne\\\/#primaryimage\"},\"thumbnailUrl\":\"https:\\\/\\\/www.tousnosprojets-bpifrance.fr\\\/blogwp\\\/wp-content\\\/uploads\\\/2022\\\/11\\\/un-parc-eolien-caritatif-en-developpement-en-champagne.jpg\",\"articleSection\":[\"Publication Crowdfunding:\"],\"inLanguage\":\"fr-FR\"},{\"@type\":\"WebPage\",\"@id\":\"https:\\\/\\\/www.tousnosprojets-bpifrance.fr\\\/blogwp\\\/un-parc-eolien-caritatif-en-developpement-en-champagne\\\/\",\"url\":\"https:\\\/\\\/www.tousnosprojets-bpifrance.fr\\\/blogwp\\\/un-parc-eolien-caritatif-en-developpement-en-champagne\\\/\",\"name\":\"Un parc \u00e9olien \u00ab caritatif \u00bb en d\u00e9veloppement en Champagne - TOUSNOSPROJETS-BPIFRANCE\",\"isPartOf\":{\"@id\":\"https:\\\/\\\/www.tousnosprojets-bpifrance.fr\\\/blogwp\\\/#website\"},\"primaryImageOfPage\":{\"@id\":\"https:\\\/\\\/www.tousnosprojets-bpifrance.fr\\\/blogwp\\\/un-parc-eolien-caritatif-en-developpement-en-champagne\\\/#primaryimage\"},\"image\":{\"@id\":\"https:\\\/\\\/www.tousnosprojets-bpifrance.fr\\\/blogwp\\\/un-parc-eolien-caritatif-en-developpement-en-champagne\\\/#primaryimage\"},\"thumbnailUrl\":\"https:\\\/\\\/www.tousnosprojets-bpifrance.fr\\\/blogwp\\\/wp-content\\\/uploads\\\/2022\\\/11\\\/un-parc-eolien-caritatif-en-developpement-en-champagne.jpg\",\"datePublished\":\"2022-10-24T17:43:00+00:00\",\"author\":{\"@id\":\"https:\\\/\\\/www.tousnosprojets-bpifrance.fr\\\/blogwp\\\/#\\\/schema\\\/person\\\/f876c490a3740cc789c3cb1e65a8adc0\"},\"description\":\"Un parc \u00e9olien \u00ab caritatif \u00bb en d\u00e9veloppement en Champagne article de TOUSNOSPROJETS-BPIFRANCE\",\"breadcrumb\":{\"@id\":\"https:\\\/\\\/www.tousnosprojets-bpifrance.fr\\\/blogwp\\\/un-parc-eolien-caritatif-en-developpement-en-champagne\\\/#breadcrumb\"},\"inLanguage\":\"fr-FR\",\"potentialAction\":[{\"@type\":\"ReadAction\",\"target\":[\"https:\\\/\\\/www.tousnosprojets-bpifrance.fr\\\/blogwp\\\/un-parc-eolien-caritatif-en-developpement-en-champagne\\\/\"]}]},{\"@type\":\"ImageObject\",\"inLanguage\":\"fr-FR\",\"@id\":\"https:\\\/\\\/www.tousnosprojets-bpifrance.fr\\\/blogwp\\\/un-parc-eolien-caritatif-en-developpement-en-champagne\\\/#primaryimage\",\"url\":\"https:\\\/\\\/www.tousnosprojets-bpifrance.fr\\\/blogwp\\\/wp-content\\\/uploads\\\/2022\\\/11\\\/un-parc-eolien-caritatif-en-developpement-en-champagne.jpg\",\"contentUrl\":\"https:\\\/\\\/www.tousnosprojets-bpifrance.fr\\\/blogwp\\\/wp-content\\\/uploads\\\/2022\\\/11\\\/un-parc-eolien-caritatif-en-developpement-en-champagne.jpg\",\"width\":800,\"height\":615},{\"@type\":\"BreadcrumbList\",\"@id\":\"https:\\\/\\\/www.tousnosprojets-bpifrance.fr\\\/blogwp\\\/un-parc-eolien-caritatif-en-developpement-en-champagne\\\/#breadcrumb\",\"itemListElement\":[{\"@type\":\"ListItem\",\"position\":1,\"name\":\"Accueil\",\"item\":\"https:\\\/\\\/www.tousnosprojets-bpifrance.fr\\\/blogwp\\\/\"},{\"@type\":\"ListItem\",\"position\":2,\"name\":\"Un parc \u00e9olien \u00ab caritatif \u00bb en d\u00e9veloppement en Champagne\"}]},{\"@type\":\"WebSite\",\"@id\":\"https:\\\/\\\/www.tousnosprojets-bpifrance.fr\\\/blogwp\\\/#website\",\"url\":\"https:\\\/\\\/www.tousnosprojets-bpifrance.fr\\\/blogwp\\\/\",\"name\":\"TOUSNOSPROJETS-BPIFRANCE\",\"description\":\"crowdfunding: Trucs, astuces et prestations.\",\"potentialAction\":[{\"@type\":\"SearchAction\",\"target\":{\"@type\":\"EntryPoint\",\"urlTemplate\":\"https:\\\/\\\/www.tousnosprojets-bpifrance.fr\\\/blogwp\\\/?s={search_term_string}\"},\"query-input\":{\"@type\":\"PropertyValueSpecification\",\"valueRequired\":true,\"valueName\":\"search_term_string\"}}],\"inLanguage\":\"fr-FR\"},{\"@type\":\"Person\",\"@id\":\"https:\\\/\\\/www.tousnosprojets-bpifrance.fr\\\/blogwp\\\/#\\\/schema\\\/person\\\/f876c490a3740cc789c3cb1e65a8adc0\",\"name\":\"Alan Perret\",\"image\":{\"@type\":\"ImageObject\",\"inLanguage\":\"fr-FR\",\"@id\":\"https:\\\/\\\/secure.gravatar.com\\\/avatar\\\/c6e94dc416a5e20b84c52da96347c55f193db85e5d7151f7011cdb10e2d787f1?s=96&d=mm&r=g\",\"url\":\"https:\\\/\\\/secure.gravatar.com\\\/avatar\\\/c6e94dc416a5e20b84c52da96347c55f193db85e5d7151f7011cdb10e2d787f1?s=96&d=mm&r=g\",\"contentUrl\":\"https:\\\/\\\/secure.gravatar.com\\\/avatar\\\/c6e94dc416a5e20b84c52da96347c55f193db85e5d7151f7011cdb10e2d787f1?s=96&d=mm&r=g\",\"caption\":\"Alan Perret\"},\"url\":\"https:\\\/\\\/www.tousnosprojets-bpifrance.fr\\\/blogwp\\\/author\\\/ncealan\\\/\"}]}<\/script>\n<!-- \/ Yoast SEO plugin. -->","yoast_head_json":{"title":"Un parc \u00e9olien \u00ab caritatif \u00bb en d\u00e9veloppement en Champagne - TOUSNOSPROJETS-BPIFRANCE","description":"Un parc \u00e9olien \u00ab caritatif \u00bb en d\u00e9veloppement en Champagne article de TOUSNOSPROJETS-BPIFRANCE","robots":{"index":"index","follow":"follow","max-snippet":"max-snippet:-1","max-image-preview":"max-image-preview:large","max-video-preview":"max-video-preview:-1"},"canonical":"https:\/\/www.tousnosprojets-bpifrance.fr\/blogwp\/un-parc-eolien-caritatif-en-developpement-en-champagne\/","og_locale":"fr_FR","og_type":"article","og_title":"Un parc \u00e9olien \u00ab caritatif \u00bb en d\u00e9veloppement en Champagne - TOUSNOSPROJETS-BPIFRANCE","og_description":"Un parc \u00e9olien \u00ab caritatif \u00bb en d\u00e9veloppement en Champagne article de TOUSNOSPROJETS-BPIFRANCE","og_url":"https:\/\/www.tousnosprojets-bpifrance.fr\/blogwp\/un-parc-eolien-caritatif-en-developpement-en-champagne\/","og_site_name":"TOUSNOSPROJETS-BPIFRANCE","article_published_time":"2022-10-24T17:43:00+00:00","og_image":[{"width":800,"height":615,"url":"https:\/\/www.tousnosprojets-bpifrance.fr\/blogwp\/wp-content\/uploads\/2022\/11\/un-parc-eolien-caritatif-en-developpement-en-champagne.jpg","type":"image\/jpeg"}],"author":"Alan Perret","twitter_card":"summary_large_image","twitter_misc":{"\u00c9crit par":"Alan Perret","Dur\u00e9e de lecture estim\u00e9e":"2 minutes"},"schema":{"@context":"https:\/\/schema.org","@graph":[{"@type":"Article","@id":"https:\/\/www.tousnosprojets-bpifrance.fr\/blogwp\/un-parc-eolien-caritatif-en-developpement-en-champagne\/#article","isPartOf":{"@id":"https:\/\/www.tousnosprojets-bpifrance.fr\/blogwp\/un-parc-eolien-caritatif-en-developpement-en-champagne\/"},"author":{"name":"Alan Perret","@id":"https:\/\/www.tousnosprojets-bpifrance.fr\/blogwp\/#\/schema\/person\/f876c490a3740cc789c3cb1e65a8adc0"},"headline":"Un parc \u00e9olien \u00ab caritatif \u00bb en d\u00e9veloppement en Champagne","datePublished":"2022-10-24T17:43:00+00:00","mainEntityOfPage":{"@id":"https:\/\/www.tousnosprojets-bpifrance.fr\/blogwp\/un-parc-eolien-caritatif-en-developpement-en-champagne\/"},"wordCount":444,"image":{"@id":"https:\/\/www.tousnosprojets-bpifrance.fr\/blogwp\/un-parc-eolien-caritatif-en-developpement-en-champagne\/#primaryimage"},"thumbnailUrl":"https:\/\/www.tousnosprojets-bpifrance.fr\/blogwp\/wp-content\/uploads\/2022\/11\/un-parc-eolien-caritatif-en-developpement-en-champagne.jpg","articleSection":["Publication Crowdfunding:"],"inLanguage":"fr-FR"},{"@type":"WebPage","@id":"https:\/\/www.tousnosprojets-bpifrance.fr\/blogwp\/un-parc-eolien-caritatif-en-developpement-en-champagne\/","url":"https:\/\/www.tousnosprojets-bpifrance.fr\/blogwp\/un-parc-eolien-caritatif-en-developpement-en-champagne\/","name":"Un parc \u00e9olien \u00ab caritatif \u00bb en d\u00e9veloppement en Champagne - TOUSNOSPROJETS-BPIFRANCE","isPartOf":{"@id":"https:\/\/www.tousnosprojets-bpifrance.fr\/blogwp\/#website"},"primaryImageOfPage":{"@id":"https:\/\/www.tousnosprojets-bpifrance.fr\/blogwp\/un-parc-eolien-caritatif-en-developpement-en-champagne\/#primaryimage"},"image":{"@id":"https:\/\/www.tousnosprojets-bpifrance.fr\/blogwp\/un-parc-eolien-caritatif-en-developpement-en-champagne\/#primaryimage"},"thumbnailUrl":"https:\/\/www.tousnosprojets-bpifrance.fr\/blogwp\/wp-content\/uploads\/2022\/11\/un-parc-eolien-caritatif-en-developpement-en-champagne.jpg","datePublished":"2022-10-24T17:43:00+00:00","author":{"@id":"https:\/\/www.tousnosprojets-bpifrance.fr\/blogwp\/#\/schema\/person\/f876c490a3740cc789c3cb1e65a8adc0"},"description":"Un parc \u00e9olien \u00ab caritatif \u00bb en d\u00e9veloppement en Champagne article de TOUSNOSPROJETS-BPIFRANCE","breadcrumb":{"@id":"https:\/\/www.tousnosprojets-bpifrance.fr\/blogwp\/un-parc-eolien-caritatif-en-developpement-en-champagne\/#breadcrumb"},"inLanguage":"fr-FR","potentialAction":[{"@type":"ReadAction","target":["https:\/\/www.tousnosprojets-bpifrance.fr\/blogwp\/un-parc-eolien-caritatif-en-developpement-en-champagne\/"]}]},{"@type":"ImageObject","inLanguage":"fr-FR","@id":"https:\/\/www.tousnosprojets-bpifrance.fr\/blogwp\/un-parc-eolien-caritatif-en-developpement-en-champagne\/#primaryimage","url":"https:\/\/www.tousnosprojets-bpifrance.fr\/blogwp\/wp-content\/uploads\/2022\/11\/un-parc-eolien-caritatif-en-developpement-en-champagne.jpg","contentUrl":"https:\/\/www.tousnosprojets-bpifrance.fr\/blogwp\/wp-content\/uploads\/2022\/11\/un-parc-eolien-caritatif-en-developpement-en-champagne.jpg","width":800,"height":615},{"@type":"BreadcrumbList","@id":"https:\/\/www.tousnosprojets-bpifrance.fr\/blogwp\/un-parc-eolien-caritatif-en-developpement-en-champagne\/#breadcrumb","itemListElement":[{"@type":"ListItem","position":1,"name":"Accueil","item":"https:\/\/www.tousnosprojets-bpifrance.fr\/blogwp\/"},{"@type":"ListItem","position":2,"name":"Un parc \u00e9olien \u00ab caritatif \u00bb en d\u00e9veloppement en Champagne"}]},{"@type":"WebSite","@id":"https:\/\/www.tousnosprojets-bpifrance.fr\/blogwp\/#website","url":"https:\/\/www.tousnosprojets-bpifrance.fr\/blogwp\/","name":"TOUSNOSPROJETS-BPIFRANCE","description":"crowdfunding: Trucs, astuces et prestations.","potentialAction":[{"@type":"SearchAction","target":{"@type":"EntryPoint","urlTemplate":"https:\/\/www.tousnosprojets-bpifrance.fr\/blogwp\/?s={search_term_string}"},"query-input":{"@type":"PropertyValueSpecification","valueRequired":true,"valueName":"search_term_string"}}],"inLanguage":"fr-FR"},{"@type":"Person","@id":"https:\/\/www.tousnosprojets-bpifrance.fr\/blogwp\/#\/schema\/person\/f876c490a3740cc789c3cb1e65a8adc0","name":"Alan Perret","image":{"@type":"ImageObject","inLanguage":"fr-FR","@id":"https:\/\/secure.gravatar.com\/avatar\/c6e94dc416a5e20b84c52da96347c55f193db85e5d7151f7011cdb10e2d787f1?s=96&d=mm&r=g","url":"https:\/\/secure.gravatar.com\/avatar\/c6e94dc416a5e20b84c52da96347c55f193db85e5d7151f7011cdb10e2d787f1?s=96&d=mm&r=g","contentUrl":"https:\/\/secure.gravatar.com\/avatar\/c6e94dc416a5e20b84c52da96347c55f193db85e5d7151f7011cdb10e2d787f1?s=96&d=mm&r=g","caption":"Alan Perret"},"url":"https:\/\/www.tousnosprojets-bpifrance.fr\/blogwp\/author\/ncealan\/"}]}},"_links":{"self":[{"href":"https:\/\/www.tousnosprojets-bpifrance.fr\/blogwp\/wp-json\/wp\/v2\/posts\/165","targetHints":{"allow":["GET"]}}],"collection":[{"href":"https:\/\/www.tousnosprojets-bpifrance.fr\/blogwp\/wp-json\/wp\/v2\/posts"}],"about":[{"href":"https:\/\/www.tousnosprojets-bpifrance.fr\/blogwp\/wp-json\/wp\/v2\/types\/post"}],"author":[{"embeddable":true,"href":"https:\/\/www.tousnosprojets-bpifrance.fr\/blogwp\/wp-json\/wp\/v2\/users\/2"}],"replies":[{"embeddable":true,"href":"https:\/\/www.tousnosprojets-bpifrance.fr\/blogwp\/wp-json\/wp\/v2\/comments?post=165"}],"version-history":[{"count":0,"href":"https:\/\/www.tousnosprojets-bpifrance.fr\/blogwp\/wp-json\/wp\/v2\/posts\/165\/revisions"}],"wp:featuredmedia":[{"embeddable":true,"href":"https:\/\/www.tousnosprojets-bpifrance.fr\/blogwp\/wp-json\/wp\/v2\/media\/166"}],"wp:attachment":[{"href":"https:\/\/www.tousnosprojets-bpifrance.fr\/blogwp\/wp-json\/wp\/v2\/media?parent=165"}],"wp:term":[{"taxonomy":"category","embeddable":true,"href":"https:\/\/www.tousnosprojets-bpifrance.fr\/blogwp\/wp-json\/wp\/v2\/categories?post=165"},{"taxonomy":"post_tag","embeddable":true,"href":"https:\/\/www.tousnosprojets-bpifrance.fr\/blogwp\/wp-json\/wp\/v2\/tags?post=165"}],"curies":[{"name":"wp","href":"https:\/\/api.w.org\/{rel}","templated":true}]}}