{"id":1622,"date":"2025-10-18T18:42:00","date_gmt":"2025-10-18T17:42:00","guid":{"rendered":"https:\/\/www.tousnosprojets-bpifrance.fr\/blogwp\/concert-caritatif-porte-par-mille-et-un-petit-prince-a-quimper-une-embellie-dans-le-service-pediatrique-de-lhopital-video\/"},"modified":"2025-10-18T18:42:00","modified_gmt":"2025-10-18T17:42:00","slug":"concert-caritatif-porte-par-mille-et-un-petit-prince-a-quimper-une-embellie-dans-le-service-pediatrique-de-lhopital-video","status":"publish","type":"post","link":"https:\/\/www.tousnosprojets-bpifrance.fr\/blogwp\/concert-caritatif-porte-par-mille-et-un-petit-prince-a-quimper-une-embellie-dans-le-service-pediatrique-de-lhopital-video\/","title":{"rendered":"Concert caritatif port\u00e9 par Mille et un petit prince \u00e0 Quimper : \u00ab Une embellie dans le service p\u00e9diatrique de l\u2019h\u00f4pital \u00bb [Vid\u00e9o]"},"content":{"rendered":"<p> Le tout premier concert donn\u00e9 dans la nouvelle salle a \u00e9t\u00e9 organis\u00e9 par et au profit de Mille et un petit prince, samedi 18 octobre 2025 \u00e0 Quimper. \u00ab Les actions de cette association apportent une &#8230; Cet \u00e9crit est reproduit de la fa\u00e7on la plus honn\u00eate qui soit. Vous pouvez envoyer un message aux coordonn\u00e9es fournies sur notre site pour indiquer des pr\u00e9cisions sur ce contenu traitant du th\u00e8me \u00ab\u00a0crowdfunding\u00a0\u00bb. L\u2019objectif de tousnosprojets-bpifrance.fr \u00e9tant de collecter sur internet des donn\u00e9es sur le sujet de crowdfunding et les diffuser en t\u00e2chant de r\u00e9pondre au mieux aux questions du public. Vous pouvez tirer profit de ce post traitant le sujet \u00ab\u00a0crowdfunding\u00a0\u00bb. Il est s\u00e9lectionn\u00e9 par l\u2019\u00e9quipe tousnosprojets-bpifrance.fr. Consultez notre site internet tousnosprojets-bpifrance.fr et nos r\u00e9seaux sociaux dans l\u2019optique d\u2019\u00eatre au courant des prochaines communications.<\/p>\n","protected":false},"excerpt":{"rendered":"<p>Le tout premier concert donn\u00e9 dans la nouvelle salle a \u00e9t\u00e9 organis\u00e9 par et au profit de Mille et un petit prince, samedi 18 octobre 2025 \u00e0 Quimper. \u00ab Les actions de cette association apportent une &#8230; Cet \u00e9crit est reproduit de la fa\u00e7on la plus honn\u00eate qui soit. Vous pouvez envoyer un message aux [&hellip;]<\/p>\n","protected":false},"author":2,"featured_media":0,"comment_status":"closed","ping_status":"closed","sticky":false,"template":"","format":"standard","meta":{"footnotes":""},"categories":[4],"tags":[],"class_list":["post-1622","post","type-post","status-publish","format-standard","hentry","category-publication-crowdfunding","entry"],"yoast_head":"<!-- This site is optimized with the Yoast SEO plugin v27.5 - https:\/\/yoast.com\/product\/yoast-seo-wordpress\/ -->\n<title>Concert caritatif port\u00e9 par Mille et un petit prince \u00e0 Quimper : \u00ab Une embellie dans le service p\u00e9diatrique de l\u2019h\u00f4pital \u00bb [Vid\u00e9o] - TOUSNOSPROJETS-BPIFRANCE<\/title>\n<meta name=\"description\" content=\"Concert caritatif port\u00e9 par Mille et un petit prince \u00e0 Quimper : \u00ab Une embellie dans le service p\u00e9diatrique de l\u2019h\u00f4pital \u00bb [Vid\u00e9o] article de TOUSNOSPROJETS-BPIFRANCE\" \/>\n<meta name=\"robots\" content=\"index, follow, max-snippet:-1, max-image-preview:large, max-video-preview:-1\" \/>\n<link rel=\"canonical\" href=\"https:\/\/www.tousnosprojets-bpifrance.fr\/blogwp\/concert-caritatif-porte-par-mille-et-un-petit-prince-a-quimper-une-embellie-dans-le-service-pediatrique-de-lhopital-video\/\" \/>\n<meta property=\"og:locale\" content=\"fr_FR\" \/>\n<meta property=\"og:type\" content=\"article\" \/>\n<meta property=\"og:title\" content=\"Concert caritatif port\u00e9 par Mille et un petit prince \u00e0 Quimper : \u00ab Une embellie dans le service p\u00e9diatrique de l\u2019h\u00f4pital \u00bb [Vid\u00e9o] - TOUSNOSPROJETS-BPIFRANCE\" \/>\n<meta property=\"og:description\" content=\"Concert caritatif port\u00e9 par Mille et un petit prince \u00e0 Quimper : \u00ab Une embellie dans le service p\u00e9diatrique de l\u2019h\u00f4pital \u00bb [Vid\u00e9o] article de TOUSNOSPROJETS-BPIFRANCE\" \/>\n<meta property=\"og:url\" content=\"https:\/\/www.tousnosprojets-bpifrance.fr\/blogwp\/concert-caritatif-porte-par-mille-et-un-petit-prince-a-quimper-une-embellie-dans-le-service-pediatrique-de-lhopital-video\/\" \/>\n<meta property=\"og:site_name\" content=\"TOUSNOSPROJETS-BPIFRANCE\" \/>\n<meta property=\"article:published_time\" content=\"2025-10-18T17:42:00+00:00\" \/>\n<meta name=\"author\" content=\"Alan Perret\" \/>\n<meta name=\"twitter:card\" content=\"summary_large_image\" \/>\n<meta name=\"twitter:label1\" content=\"\u00c9crit par\" \/>\n\t<meta name=\"twitter:data1\" content=\"Alan Perret\" \/>\n\t<meta name=\"twitter:label2\" content=\"Dur\u00e9e de lecture estim\u00e9e\" \/>\n\t<meta name=\"twitter:data2\" content=\"1 minute\" \/>\n<script type=\"application\/ld+json\" class=\"yoast-schema-graph\">{\"@context\":\"https:\\\/\\\/schema.org\",\"@graph\":[{\"@type\":\"Article\",\"@id\":\"https:\\\/\\\/www.tousnosprojets-bpifrance.fr\\\/blogwp\\\/concert-caritatif-porte-par-mille-et-un-petit-prince-a-quimper-une-embellie-dans-le-service-pediatrique-de-lhopital-video\\\/#article\",\"isPartOf\":{\"@id\":\"https:\\\/\\\/www.tousnosprojets-bpifrance.fr\\\/blogwp\\\/concert-caritatif-porte-par-mille-et-un-petit-prince-a-quimper-une-embellie-dans-le-service-pediatrique-de-lhopital-video\\\/\"},\"author\":{\"name\":\"Alan Perret\",\"@id\":\"https:\\\/\\\/www.tousnosprojets-bpifrance.fr\\\/blogwp\\\/#\\\/schema\\\/person\\\/f876c490a3740cc789c3cb1e65a8adc0\"},\"headline\":\"Concert caritatif port\u00e9 par Mille et un petit prince \u00e0 Quimper : \u00ab Une embellie dans le service p\u00e9diatrique de l\u2019h\u00f4pital \u00bb [Vid\u00e9o]\",\"datePublished\":\"2025-10-18T17:42:00+00:00\",\"mainEntityOfPage\":{\"@id\":\"https:\\\/\\\/www.tousnosprojets-bpifrance.fr\\\/blogwp\\\/concert-caritatif-porte-par-mille-et-un-petit-prince-a-quimper-une-embellie-dans-le-service-pediatrique-de-lhopital-video\\\/\"},\"wordCount\":168,\"articleSection\":[\"Publication Crowdfunding:\"],\"inLanguage\":\"fr-FR\"},{\"@type\":\"WebPage\",\"@id\":\"https:\\\/\\\/www.tousnosprojets-bpifrance.fr\\\/blogwp\\\/concert-caritatif-porte-par-mille-et-un-petit-prince-a-quimper-une-embellie-dans-le-service-pediatrique-de-lhopital-video\\\/\",\"url\":\"https:\\\/\\\/www.tousnosprojets-bpifrance.fr\\\/blogwp\\\/concert-caritatif-porte-par-mille-et-un-petit-prince-a-quimper-une-embellie-dans-le-service-pediatrique-de-lhopital-video\\\/\",\"name\":\"Concert caritatif port\u00e9 par Mille et un petit prince \u00e0 Quimper : \u00ab Une embellie dans le service p\u00e9diatrique de l\u2019h\u00f4pital \u00bb [Vid\u00e9o] - TOUSNOSPROJETS-BPIFRANCE\",\"isPartOf\":{\"@id\":\"https:\\\/\\\/www.tousnosprojets-bpifrance.fr\\\/blogwp\\\/#website\"},\"datePublished\":\"2025-10-18T17:42:00+00:00\",\"author\":{\"@id\":\"https:\\\/\\\/www.tousnosprojets-bpifrance.fr\\\/blogwp\\\/#\\\/schema\\\/person\\\/f876c490a3740cc789c3cb1e65a8adc0\"},\"description\":\"Concert caritatif port\u00e9 par Mille et un petit prince \u00e0 Quimper : \u00ab Une embellie dans le service p\u00e9diatrique de l\u2019h\u00f4pital \u00bb [Vid\u00e9o] article de TOUSNOSPROJETS-BPIFRANCE\",\"breadcrumb\":{\"@id\":\"https:\\\/\\\/www.tousnosprojets-bpifrance.fr\\\/blogwp\\\/concert-caritatif-porte-par-mille-et-un-petit-prince-a-quimper-une-embellie-dans-le-service-pediatrique-de-lhopital-video\\\/#breadcrumb\"},\"inLanguage\":\"fr-FR\",\"potentialAction\":[{\"@type\":\"ReadAction\",\"target\":[\"https:\\\/\\\/www.tousnosprojets-bpifrance.fr\\\/blogwp\\\/concert-caritatif-porte-par-mille-et-un-petit-prince-a-quimper-une-embellie-dans-le-service-pediatrique-de-lhopital-video\\\/\"]}]},{\"@type\":\"BreadcrumbList\",\"@id\":\"https:\\\/\\\/www.tousnosprojets-bpifrance.fr\\\/blogwp\\\/concert-caritatif-porte-par-mille-et-un-petit-prince-a-quimper-une-embellie-dans-le-service-pediatrique-de-lhopital-video\\\/#breadcrumb\",\"itemListElement\":[{\"@type\":\"ListItem\",\"position\":1,\"name\":\"Accueil\",\"item\":\"https:\\\/\\\/www.tousnosprojets-bpifrance.fr\\\/blogwp\\\/\"},{\"@type\":\"ListItem\",\"position\":2,\"name\":\"Concert caritatif port\u00e9 par Mille et un petit prince \u00e0 Quimper : \u00ab Une embellie dans le service p\u00e9diatrique de l\u2019h\u00f4pital \u00bb [Vid\u00e9o]\"}]},{\"@type\":\"WebSite\",\"@id\":\"https:\\\/\\\/www.tousnosprojets-bpifrance.fr\\\/blogwp\\\/#website\",\"url\":\"https:\\\/\\\/www.tousnosprojets-bpifrance.fr\\\/blogwp\\\/\",\"name\":\"TOUSNOSPROJETS-BPIFRANCE\",\"description\":\"crowdfunding: Trucs, astuces et prestations.\",\"potentialAction\":[{\"@type\":\"SearchAction\",\"target\":{\"@type\":\"EntryPoint\",\"urlTemplate\":\"https:\\\/\\\/www.tousnosprojets-bpifrance.fr\\\/blogwp\\\/?s={search_term_string}\"},\"query-input\":{\"@type\":\"PropertyValueSpecification\",\"valueRequired\":true,\"valueName\":\"search_term_string\"}}],\"inLanguage\":\"fr-FR\"},{\"@type\":\"Person\",\"@id\":\"https:\\\/\\\/www.tousnosprojets-bpifrance.fr\\\/blogwp\\\/#\\\/schema\\\/person\\\/f876c490a3740cc789c3cb1e65a8adc0\",\"name\":\"Alan Perret\",\"image\":{\"@type\":\"ImageObject\",\"inLanguage\":\"fr-FR\",\"@id\":\"https:\\\/\\\/secure.gravatar.com\\\/avatar\\\/c6e94dc416a5e20b84c52da96347c55f193db85e5d7151f7011cdb10e2d787f1?s=96&d=mm&r=g\",\"url\":\"https:\\\/\\\/secure.gravatar.com\\\/avatar\\\/c6e94dc416a5e20b84c52da96347c55f193db85e5d7151f7011cdb10e2d787f1?s=96&d=mm&r=g\",\"contentUrl\":\"https:\\\/\\\/secure.gravatar.com\\\/avatar\\\/c6e94dc416a5e20b84c52da96347c55f193db85e5d7151f7011cdb10e2d787f1?s=96&d=mm&r=g\",\"caption\":\"Alan Perret\"},\"url\":\"https:\\\/\\\/www.tousnosprojets-bpifrance.fr\\\/blogwp\\\/author\\\/ncealan\\\/\"}]}<\/script>\n<!-- \/ Yoast SEO plugin. -->","yoast_head_json":{"title":"Concert caritatif port\u00e9 par Mille et un petit prince \u00e0 Quimper : \u00ab Une embellie dans le service p\u00e9diatrique de l\u2019h\u00f4pital \u00bb [Vid\u00e9o] - TOUSNOSPROJETS-BPIFRANCE","description":"Concert caritatif port\u00e9 par Mille et un petit prince \u00e0 Quimper : \u00ab Une embellie dans le service p\u00e9diatrique de l\u2019h\u00f4pital \u00bb [Vid\u00e9o] article de TOUSNOSPROJETS-BPIFRANCE","robots":{"index":"index","follow":"follow","max-snippet":"max-snippet:-1","max-image-preview":"max-image-preview:large","max-video-preview":"max-video-preview:-1"},"canonical":"https:\/\/www.tousnosprojets-bpifrance.fr\/blogwp\/concert-caritatif-porte-par-mille-et-un-petit-prince-a-quimper-une-embellie-dans-le-service-pediatrique-de-lhopital-video\/","og_locale":"fr_FR","og_type":"article","og_title":"Concert caritatif port\u00e9 par Mille et un petit prince \u00e0 Quimper : \u00ab Une embellie dans le service p\u00e9diatrique de l\u2019h\u00f4pital \u00bb [Vid\u00e9o] - TOUSNOSPROJETS-BPIFRANCE","og_description":"Concert caritatif port\u00e9 par Mille et un petit prince \u00e0 Quimper : \u00ab Une embellie dans le service p\u00e9diatrique de l\u2019h\u00f4pital \u00bb [Vid\u00e9o] article de TOUSNOSPROJETS-BPIFRANCE","og_url":"https:\/\/www.tousnosprojets-bpifrance.fr\/blogwp\/concert-caritatif-porte-par-mille-et-un-petit-prince-a-quimper-une-embellie-dans-le-service-pediatrique-de-lhopital-video\/","og_site_name":"TOUSNOSPROJETS-BPIFRANCE","article_published_time":"2025-10-18T17:42:00+00:00","author":"Alan Perret","twitter_card":"summary_large_image","twitter_misc":{"\u00c9crit par":"Alan Perret","Dur\u00e9e de lecture estim\u00e9e":"1 minute"},"schema":{"@context":"https:\/\/schema.org","@graph":[{"@type":"Article","@id":"https:\/\/www.tousnosprojets-bpifrance.fr\/blogwp\/concert-caritatif-porte-par-mille-et-un-petit-prince-a-quimper-une-embellie-dans-le-service-pediatrique-de-lhopital-video\/#article","isPartOf":{"@id":"https:\/\/www.tousnosprojets-bpifrance.fr\/blogwp\/concert-caritatif-porte-par-mille-et-un-petit-prince-a-quimper-une-embellie-dans-le-service-pediatrique-de-lhopital-video\/"},"author":{"name":"Alan Perret","@id":"https:\/\/www.tousnosprojets-bpifrance.fr\/blogwp\/#\/schema\/person\/f876c490a3740cc789c3cb1e65a8adc0"},"headline":"Concert caritatif port\u00e9 par Mille et un petit prince \u00e0 Quimper : \u00ab Une embellie dans le service p\u00e9diatrique de l\u2019h\u00f4pital \u00bb [Vid\u00e9o]","datePublished":"2025-10-18T17:42:00+00:00","mainEntityOfPage":{"@id":"https:\/\/www.tousnosprojets-bpifrance.fr\/blogwp\/concert-caritatif-porte-par-mille-et-un-petit-prince-a-quimper-une-embellie-dans-le-service-pediatrique-de-lhopital-video\/"},"wordCount":168,"articleSection":["Publication Crowdfunding:"],"inLanguage":"fr-FR"},{"@type":"WebPage","@id":"https:\/\/www.tousnosprojets-bpifrance.fr\/blogwp\/concert-caritatif-porte-par-mille-et-un-petit-prince-a-quimper-une-embellie-dans-le-service-pediatrique-de-lhopital-video\/","url":"https:\/\/www.tousnosprojets-bpifrance.fr\/blogwp\/concert-caritatif-porte-par-mille-et-un-petit-prince-a-quimper-une-embellie-dans-le-service-pediatrique-de-lhopital-video\/","name":"Concert caritatif port\u00e9 par Mille et un petit prince \u00e0 Quimper : \u00ab Une embellie dans le service p\u00e9diatrique de l\u2019h\u00f4pital \u00bb [Vid\u00e9o] - TOUSNOSPROJETS-BPIFRANCE","isPartOf":{"@id":"https:\/\/www.tousnosprojets-bpifrance.fr\/blogwp\/#website"},"datePublished":"2025-10-18T17:42:00+00:00","author":{"@id":"https:\/\/www.tousnosprojets-bpifrance.fr\/blogwp\/#\/schema\/person\/f876c490a3740cc789c3cb1e65a8adc0"},"description":"Concert caritatif port\u00e9 par Mille et un petit prince \u00e0 Quimper : \u00ab Une embellie dans le service p\u00e9diatrique de l\u2019h\u00f4pital \u00bb [Vid\u00e9o] article de TOUSNOSPROJETS-BPIFRANCE","breadcrumb":{"@id":"https:\/\/www.tousnosprojets-bpifrance.fr\/blogwp\/concert-caritatif-porte-par-mille-et-un-petit-prince-a-quimper-une-embellie-dans-le-service-pediatrique-de-lhopital-video\/#breadcrumb"},"inLanguage":"fr-FR","potentialAction":[{"@type":"ReadAction","target":["https:\/\/www.tousnosprojets-bpifrance.fr\/blogwp\/concert-caritatif-porte-par-mille-et-un-petit-prince-a-quimper-une-embellie-dans-le-service-pediatrique-de-lhopital-video\/"]}]},{"@type":"BreadcrumbList","@id":"https:\/\/www.tousnosprojets-bpifrance.fr\/blogwp\/concert-caritatif-porte-par-mille-et-un-petit-prince-a-quimper-une-embellie-dans-le-service-pediatrique-de-lhopital-video\/#breadcrumb","itemListElement":[{"@type":"ListItem","position":1,"name":"Accueil","item":"https:\/\/www.tousnosprojets-bpifrance.fr\/blogwp\/"},{"@type":"ListItem","position":2,"name":"Concert caritatif port\u00e9 par Mille et un petit prince \u00e0 Quimper : \u00ab Une embellie dans le service p\u00e9diatrique de l\u2019h\u00f4pital \u00bb [Vid\u00e9o]"}]},{"@type":"WebSite","@id":"https:\/\/www.tousnosprojets-bpifrance.fr\/blogwp\/#website","url":"https:\/\/www.tousnosprojets-bpifrance.fr\/blogwp\/","name":"TOUSNOSPROJETS-BPIFRANCE","description":"crowdfunding: Trucs, astuces et prestations.","potentialAction":[{"@type":"SearchAction","target":{"@type":"EntryPoint","urlTemplate":"https:\/\/www.tousnosprojets-bpifrance.fr\/blogwp\/?s={search_term_string}"},"query-input":{"@type":"PropertyValueSpecification","valueRequired":true,"valueName":"search_term_string"}}],"inLanguage":"fr-FR"},{"@type":"Person","@id":"https:\/\/www.tousnosprojets-bpifrance.fr\/blogwp\/#\/schema\/person\/f876c490a3740cc789c3cb1e65a8adc0","name":"Alan Perret","image":{"@type":"ImageObject","inLanguage":"fr-FR","@id":"https:\/\/secure.gravatar.com\/avatar\/c6e94dc416a5e20b84c52da96347c55f193db85e5d7151f7011cdb10e2d787f1?s=96&d=mm&r=g","url":"https:\/\/secure.gravatar.com\/avatar\/c6e94dc416a5e20b84c52da96347c55f193db85e5d7151f7011cdb10e2d787f1?s=96&d=mm&r=g","contentUrl":"https:\/\/secure.gravatar.com\/avatar\/c6e94dc416a5e20b84c52da96347c55f193db85e5d7151f7011cdb10e2d787f1?s=96&d=mm&r=g","caption":"Alan Perret"},"url":"https:\/\/www.tousnosprojets-bpifrance.fr\/blogwp\/author\/ncealan\/"}]}},"_links":{"self":[{"href":"https:\/\/www.tousnosprojets-bpifrance.fr\/blogwp\/wp-json\/wp\/v2\/posts\/1622","targetHints":{"allow":["GET"]}}],"collection":[{"href":"https:\/\/www.tousnosprojets-bpifrance.fr\/blogwp\/wp-json\/wp\/v2\/posts"}],"about":[{"href":"https:\/\/www.tousnosprojets-bpifrance.fr\/blogwp\/wp-json\/wp\/v2\/types\/post"}],"author":[{"embeddable":true,"href":"https:\/\/www.tousnosprojets-bpifrance.fr\/blogwp\/wp-json\/wp\/v2\/users\/2"}],"replies":[{"embeddable":true,"href":"https:\/\/www.tousnosprojets-bpifrance.fr\/blogwp\/wp-json\/wp\/v2\/comments?post=1622"}],"version-history":[{"count":0,"href":"https:\/\/www.tousnosprojets-bpifrance.fr\/blogwp\/wp-json\/wp\/v2\/posts\/1622\/revisions"}],"wp:attachment":[{"href":"https:\/\/www.tousnosprojets-bpifrance.fr\/blogwp\/wp-json\/wp\/v2\/media?parent=1622"}],"wp:term":[{"taxonomy":"category","embeddable":true,"href":"https:\/\/www.tousnosprojets-bpifrance.fr\/blogwp\/wp-json\/wp\/v2\/categories?post=1622"},{"taxonomy":"post_tag","embeddable":true,"href":"https:\/\/www.tousnosprojets-bpifrance.fr\/blogwp\/wp-json\/wp\/v2\/tags?post=1622"}],"curies":[{"name":"wp","href":"https:\/\/api.w.org\/{rel}","templated":true}]}}