{"id":162,"date":"2022-10-28T09:04:00","date_gmt":"2022-10-28T08:04:00","guid":{"rendered":"https:\/\/www.tousnosprojets-bpifrance.fr\/sarreguemines-un-concert-caritatif-par-le-groupe-m-a-m-au-benefice-de-lafaei\/"},"modified":"2022-10-28T09:04:00","modified_gmt":"2022-10-28T08:04:00","slug":"sarreguemines-un-concert-caritatif-par-le-groupe-m-a-m-au-benefice-de-lafaei","status":"publish","type":"post","link":"https:\/\/www.tousnosprojets-bpifrance.fr\/blogwp\/sarreguemines-un-concert-caritatif-par-le-groupe-m-a-m-au-benefice-de-lafaei\/","title":{"rendered":"Sarreguemines Un concert caritatif par le groupe M.A.M au b\u00e9n\u00e9fice de l\u2019AFAEI"},"content":{"rendered":"\n<div><img decoding=\"async\" src=\"https:\/\/www.tousnosprojets-bpifrance.fr\/wp-content\/uploads\/2022\/11\/sarreguemines-un-concert-caritatif-par-le-groupe-m-a-m-au-benefice-de-lafaei.jpg\" class=\"ff-og-image-inserted\"><\/div>\n<p>Vous avez choisi de refuser le d\u00e9p\u00f4t de cookies, vous pouvez \u00e0 tout moment <a id=\"cmp_changeConsent\" href=\"Didomi.notice.show()\">modifier votre choix, ici<\/a>.<\/p>\n<p>Le contenu de ce site est le fruit du travail de journalistes qui vous apportent chaque jour une information locale de qualit\u00e9, fiable, compl\u00e8te, et des services en ligne innovants. Ce travail s\u2019appuie sur les revenus compl\u00e9mentaires de la publicit\u00e9 et de l\u2019abonnement.<\/p>\n<p> Cet \u00e9crit est reproduit de la fa\u00e7on la plus honn\u00eate qui soit. Vous pouvez envoyer un message aux coordonn\u00e9es fournies sur notre site pour indiquer des pr\u00e9cisions sur ce contenu traitant du th\u00e8me \u00ab\u00a0crowdfunding\u00a0\u00bb. L\u2019objectif de tousnosprojets-bpifrance.fr \u00e9tant de collecter sur internet des donn\u00e9es sur le sujet de crowdfunding et les diffuser en t\u00e2chant de r\u00e9pondre au mieux aux questions du public. Vous pouvez tirer profit de ce post traitant le sujet \u00ab\u00a0crowdfunding\u00a0\u00bb. Il est s\u00e9lectionn\u00e9 par l\u2019\u00e9quipe tousnosprojets-bpifrance.fr. Consultez notre site internet tousnosprojets-bpifrance.fr et nos r\u00e9seaux sociaux dans l\u2019optique d\u2019\u00eatre au courant des prochaines communications.<\/p>\n","protected":false},"excerpt":{"rendered":"<p>Vous avez choisi de refuser le d\u00e9p\u00f4t de cookies, vous pouvez \u00e0 tout moment modifier votre choix, ici. Le contenu de ce site est le fruit du travail de journalistes qui vous apportent chaque jour une information locale de qualit\u00e9, fiable, compl\u00e8te, et des services en ligne innovants. Ce travail s\u2019appuie sur les revenus compl\u00e9mentaires [&hellip;]<\/p>\n","protected":false},"author":2,"featured_media":164,"comment_status":"closed","ping_status":"closed","sticky":false,"template":"","format":"standard","meta":{"footnotes":""},"categories":[4],"tags":[],"class_list":["post-162","post","type-post","status-publish","format-standard","has-post-thumbnail","hentry","category-publication-crowdfunding","entry","has-media"],"yoast_head":"<!-- This site is optimized with the Yoast SEO plugin v27.5 - https:\/\/yoast.com\/product\/yoast-seo-wordpress\/ -->\n<title>Sarreguemines Un concert caritatif par le groupe M.A.M au b\u00e9n\u00e9fice de l\u2019AFAEI - TOUSNOSPROJETS-BPIFRANCE<\/title>\n<meta name=\"description\" content=\"Sarreguemines Un concert caritatif par le groupe M.A.M au b\u00e9n\u00e9fice de l\u2019AFAEI article de TOUSNOSPROJETS-BPIFRANCE\" \/>\n<meta name=\"robots\" content=\"index, follow, max-snippet:-1, max-image-preview:large, max-video-preview:-1\" \/>\n<link rel=\"canonical\" href=\"https:\/\/www.tousnosprojets-bpifrance.fr\/blogwp\/sarreguemines-un-concert-caritatif-par-le-groupe-m-a-m-au-benefice-de-lafaei\/\" \/>\n<meta property=\"og:locale\" content=\"fr_FR\" \/>\n<meta property=\"og:type\" content=\"article\" \/>\n<meta property=\"og:title\" content=\"Sarreguemines Un concert caritatif par le groupe M.A.M au b\u00e9n\u00e9fice de l\u2019AFAEI - TOUSNOSPROJETS-BPIFRANCE\" \/>\n<meta property=\"og:description\" content=\"Sarreguemines Un concert caritatif par le groupe M.A.M au b\u00e9n\u00e9fice de l\u2019AFAEI article de TOUSNOSPROJETS-BPIFRANCE\" \/>\n<meta property=\"og:url\" content=\"https:\/\/www.tousnosprojets-bpifrance.fr\/blogwp\/sarreguemines-un-concert-caritatif-par-le-groupe-m-a-m-au-benefice-de-lafaei\/\" \/>\n<meta property=\"og:site_name\" content=\"TOUSNOSPROJETS-BPIFRANCE\" \/>\n<meta property=\"article:published_time\" content=\"2022-10-28T08:04:00+00:00\" \/>\n<meta property=\"og:image\" content=\"https:\/\/www.tousnosprojets-bpifrance.fr\/blogwp\/wp-content\/uploads\/2022\/11\/sarreguemines-un-concert-caritatif-par-le-groupe-m-a-m-au-benefice-de-lafaei.jpg\" \/>\n\t<meta property=\"og:image:width\" content=\"1200\" \/>\n\t<meta property=\"og:image:height\" content=\"630\" \/>\n\t<meta property=\"og:image:type\" content=\"image\/jpeg\" \/>\n<meta name=\"author\" content=\"Alan Perret\" \/>\n<meta name=\"twitter:card\" content=\"summary_large_image\" \/>\n<meta name=\"twitter:label1\" content=\"\u00c9crit par\" \/>\n\t<meta name=\"twitter:data1\" content=\"Alan Perret\" \/>\n\t<meta name=\"twitter:label2\" content=\"Dur\u00e9e de lecture estim\u00e9e\" \/>\n\t<meta name=\"twitter:data2\" content=\"1 minute\" \/>\n<script type=\"application\/ld+json\" class=\"yoast-schema-graph\">{\"@context\":\"https:\\\/\\\/schema.org\",\"@graph\":[{\"@type\":\"Article\",\"@id\":\"https:\\\/\\\/www.tousnosprojets-bpifrance.fr\\\/blogwp\\\/sarreguemines-un-concert-caritatif-par-le-groupe-m-a-m-au-benefice-de-lafaei\\\/#article\",\"isPartOf\":{\"@id\":\"https:\\\/\\\/www.tousnosprojets-bpifrance.fr\\\/blogwp\\\/sarreguemines-un-concert-caritatif-par-le-groupe-m-a-m-au-benefice-de-lafaei\\\/\"},\"author\":{\"name\":\"Alan Perret\",\"@id\":\"https:\\\/\\\/www.tousnosprojets-bpifrance.fr\\\/blogwp\\\/#\\\/schema\\\/person\\\/f876c490a3740cc789c3cb1e65a8adc0\"},\"headline\":\"Sarreguemines Un concert caritatif par le groupe M.A.M au b\u00e9n\u00e9fice de l\u2019AFAEI\",\"datePublished\":\"2022-10-28T08:04:00+00:00\",\"mainEntityOfPage\":{\"@id\":\"https:\\\/\\\/www.tousnosprojets-bpifrance.fr\\\/blogwp\\\/sarreguemines-un-concert-caritatif-par-le-groupe-m-a-m-au-benefice-de-lafaei\\\/\"},\"wordCount\":196,\"image\":{\"@id\":\"https:\\\/\\\/www.tousnosprojets-bpifrance.fr\\\/blogwp\\\/sarreguemines-un-concert-caritatif-par-le-groupe-m-a-m-au-benefice-de-lafaei\\\/#primaryimage\"},\"thumbnailUrl\":\"https:\\\/\\\/www.tousnosprojets-bpifrance.fr\\\/blogwp\\\/wp-content\\\/uploads\\\/2022\\\/11\\\/sarreguemines-un-concert-caritatif-par-le-groupe-m-a-m-au-benefice-de-lafaei.jpg\",\"articleSection\":[\"Publication Crowdfunding:\"],\"inLanguage\":\"fr-FR\"},{\"@type\":\"WebPage\",\"@id\":\"https:\\\/\\\/www.tousnosprojets-bpifrance.fr\\\/blogwp\\\/sarreguemines-un-concert-caritatif-par-le-groupe-m-a-m-au-benefice-de-lafaei\\\/\",\"url\":\"https:\\\/\\\/www.tousnosprojets-bpifrance.fr\\\/blogwp\\\/sarreguemines-un-concert-caritatif-par-le-groupe-m-a-m-au-benefice-de-lafaei\\\/\",\"name\":\"Sarreguemines Un concert caritatif par le groupe M.A.M au b\u00e9n\u00e9fice de l\u2019AFAEI - TOUSNOSPROJETS-BPIFRANCE\",\"isPartOf\":{\"@id\":\"https:\\\/\\\/www.tousnosprojets-bpifrance.fr\\\/blogwp\\\/#website\"},\"primaryImageOfPage\":{\"@id\":\"https:\\\/\\\/www.tousnosprojets-bpifrance.fr\\\/blogwp\\\/sarreguemines-un-concert-caritatif-par-le-groupe-m-a-m-au-benefice-de-lafaei\\\/#primaryimage\"},\"image\":{\"@id\":\"https:\\\/\\\/www.tousnosprojets-bpifrance.fr\\\/blogwp\\\/sarreguemines-un-concert-caritatif-par-le-groupe-m-a-m-au-benefice-de-lafaei\\\/#primaryimage\"},\"thumbnailUrl\":\"https:\\\/\\\/www.tousnosprojets-bpifrance.fr\\\/blogwp\\\/wp-content\\\/uploads\\\/2022\\\/11\\\/sarreguemines-un-concert-caritatif-par-le-groupe-m-a-m-au-benefice-de-lafaei.jpg\",\"datePublished\":\"2022-10-28T08:04:00+00:00\",\"author\":{\"@id\":\"https:\\\/\\\/www.tousnosprojets-bpifrance.fr\\\/blogwp\\\/#\\\/schema\\\/person\\\/f876c490a3740cc789c3cb1e65a8adc0\"},\"description\":\"Sarreguemines Un concert caritatif par le groupe M.A.M au b\u00e9n\u00e9fice de l\u2019AFAEI article de TOUSNOSPROJETS-BPIFRANCE\",\"breadcrumb\":{\"@id\":\"https:\\\/\\\/www.tousnosprojets-bpifrance.fr\\\/blogwp\\\/sarreguemines-un-concert-caritatif-par-le-groupe-m-a-m-au-benefice-de-lafaei\\\/#breadcrumb\"},\"inLanguage\":\"fr-FR\",\"potentialAction\":[{\"@type\":\"ReadAction\",\"target\":[\"https:\\\/\\\/www.tousnosprojets-bpifrance.fr\\\/blogwp\\\/sarreguemines-un-concert-caritatif-par-le-groupe-m-a-m-au-benefice-de-lafaei\\\/\"]}]},{\"@type\":\"ImageObject\",\"inLanguage\":\"fr-FR\",\"@id\":\"https:\\\/\\\/www.tousnosprojets-bpifrance.fr\\\/blogwp\\\/sarreguemines-un-concert-caritatif-par-le-groupe-m-a-m-au-benefice-de-lafaei\\\/#primaryimage\",\"url\":\"https:\\\/\\\/www.tousnosprojets-bpifrance.fr\\\/blogwp\\\/wp-content\\\/uploads\\\/2022\\\/11\\\/sarreguemines-un-concert-caritatif-par-le-groupe-m-a-m-au-benefice-de-lafaei.jpg\",\"contentUrl\":\"https:\\\/\\\/www.tousnosprojets-bpifrance.fr\\\/blogwp\\\/wp-content\\\/uploads\\\/2022\\\/11\\\/sarreguemines-un-concert-caritatif-par-le-groupe-m-a-m-au-benefice-de-lafaei.jpg\",\"width\":1200,\"height\":630},{\"@type\":\"BreadcrumbList\",\"@id\":\"https:\\\/\\\/www.tousnosprojets-bpifrance.fr\\\/blogwp\\\/sarreguemines-un-concert-caritatif-par-le-groupe-m-a-m-au-benefice-de-lafaei\\\/#breadcrumb\",\"itemListElement\":[{\"@type\":\"ListItem\",\"position\":1,\"name\":\"Accueil\",\"item\":\"https:\\\/\\\/www.tousnosprojets-bpifrance.fr\\\/blogwp\\\/\"},{\"@type\":\"ListItem\",\"position\":2,\"name\":\"Sarreguemines Un concert caritatif par le groupe M.A.M au b\u00e9n\u00e9fice de l\u2019AFAEI\"}]},{\"@type\":\"WebSite\",\"@id\":\"https:\\\/\\\/www.tousnosprojets-bpifrance.fr\\\/blogwp\\\/#website\",\"url\":\"https:\\\/\\\/www.tousnosprojets-bpifrance.fr\\\/blogwp\\\/\",\"name\":\"TOUSNOSPROJETS-BPIFRANCE\",\"description\":\"crowdfunding: Trucs, astuces et prestations.\",\"potentialAction\":[{\"@type\":\"SearchAction\",\"target\":{\"@type\":\"EntryPoint\",\"urlTemplate\":\"https:\\\/\\\/www.tousnosprojets-bpifrance.fr\\\/blogwp\\\/?s={search_term_string}\"},\"query-input\":{\"@type\":\"PropertyValueSpecification\",\"valueRequired\":true,\"valueName\":\"search_term_string\"}}],\"inLanguage\":\"fr-FR\"},{\"@type\":\"Person\",\"@id\":\"https:\\\/\\\/www.tousnosprojets-bpifrance.fr\\\/blogwp\\\/#\\\/schema\\\/person\\\/f876c490a3740cc789c3cb1e65a8adc0\",\"name\":\"Alan Perret\",\"image\":{\"@type\":\"ImageObject\",\"inLanguage\":\"fr-FR\",\"@id\":\"https:\\\/\\\/secure.gravatar.com\\\/avatar\\\/c6e94dc416a5e20b84c52da96347c55f193db85e5d7151f7011cdb10e2d787f1?s=96&d=mm&r=g\",\"url\":\"https:\\\/\\\/secure.gravatar.com\\\/avatar\\\/c6e94dc416a5e20b84c52da96347c55f193db85e5d7151f7011cdb10e2d787f1?s=96&d=mm&r=g\",\"contentUrl\":\"https:\\\/\\\/secure.gravatar.com\\\/avatar\\\/c6e94dc416a5e20b84c52da96347c55f193db85e5d7151f7011cdb10e2d787f1?s=96&d=mm&r=g\",\"caption\":\"Alan Perret\"},\"url\":\"https:\\\/\\\/www.tousnosprojets-bpifrance.fr\\\/blogwp\\\/author\\\/ncealan\\\/\"}]}<\/script>\n<!-- \/ Yoast SEO plugin. -->","yoast_head_json":{"title":"Sarreguemines Un concert caritatif par le groupe M.A.M au b\u00e9n\u00e9fice de l\u2019AFAEI - TOUSNOSPROJETS-BPIFRANCE","description":"Sarreguemines Un concert caritatif par le groupe M.A.M au b\u00e9n\u00e9fice de l\u2019AFAEI article de TOUSNOSPROJETS-BPIFRANCE","robots":{"index":"index","follow":"follow","max-snippet":"max-snippet:-1","max-image-preview":"max-image-preview:large","max-video-preview":"max-video-preview:-1"},"canonical":"https:\/\/www.tousnosprojets-bpifrance.fr\/blogwp\/sarreguemines-un-concert-caritatif-par-le-groupe-m-a-m-au-benefice-de-lafaei\/","og_locale":"fr_FR","og_type":"article","og_title":"Sarreguemines Un concert caritatif par le groupe M.A.M au b\u00e9n\u00e9fice de l\u2019AFAEI - TOUSNOSPROJETS-BPIFRANCE","og_description":"Sarreguemines Un concert caritatif par le groupe M.A.M au b\u00e9n\u00e9fice de l\u2019AFAEI article de TOUSNOSPROJETS-BPIFRANCE","og_url":"https:\/\/www.tousnosprojets-bpifrance.fr\/blogwp\/sarreguemines-un-concert-caritatif-par-le-groupe-m-a-m-au-benefice-de-lafaei\/","og_site_name":"TOUSNOSPROJETS-BPIFRANCE","article_published_time":"2022-10-28T08:04:00+00:00","og_image":[{"width":1200,"height":630,"url":"https:\/\/www.tousnosprojets-bpifrance.fr\/blogwp\/wp-content\/uploads\/2022\/11\/sarreguemines-un-concert-caritatif-par-le-groupe-m-a-m-au-benefice-de-lafaei.jpg","type":"image\/jpeg"}],"author":"Alan Perret","twitter_card":"summary_large_image","twitter_misc":{"\u00c9crit par":"Alan Perret","Dur\u00e9e de lecture estim\u00e9e":"1 minute"},"schema":{"@context":"https:\/\/schema.org","@graph":[{"@type":"Article","@id":"https:\/\/www.tousnosprojets-bpifrance.fr\/blogwp\/sarreguemines-un-concert-caritatif-par-le-groupe-m-a-m-au-benefice-de-lafaei\/#article","isPartOf":{"@id":"https:\/\/www.tousnosprojets-bpifrance.fr\/blogwp\/sarreguemines-un-concert-caritatif-par-le-groupe-m-a-m-au-benefice-de-lafaei\/"},"author":{"name":"Alan Perret","@id":"https:\/\/www.tousnosprojets-bpifrance.fr\/blogwp\/#\/schema\/person\/f876c490a3740cc789c3cb1e65a8adc0"},"headline":"Sarreguemines Un concert caritatif par le groupe M.A.M au b\u00e9n\u00e9fice de l\u2019AFAEI","datePublished":"2022-10-28T08:04:00+00:00","mainEntityOfPage":{"@id":"https:\/\/www.tousnosprojets-bpifrance.fr\/blogwp\/sarreguemines-un-concert-caritatif-par-le-groupe-m-a-m-au-benefice-de-lafaei\/"},"wordCount":196,"image":{"@id":"https:\/\/www.tousnosprojets-bpifrance.fr\/blogwp\/sarreguemines-un-concert-caritatif-par-le-groupe-m-a-m-au-benefice-de-lafaei\/#primaryimage"},"thumbnailUrl":"https:\/\/www.tousnosprojets-bpifrance.fr\/blogwp\/wp-content\/uploads\/2022\/11\/sarreguemines-un-concert-caritatif-par-le-groupe-m-a-m-au-benefice-de-lafaei.jpg","articleSection":["Publication Crowdfunding:"],"inLanguage":"fr-FR"},{"@type":"WebPage","@id":"https:\/\/www.tousnosprojets-bpifrance.fr\/blogwp\/sarreguemines-un-concert-caritatif-par-le-groupe-m-a-m-au-benefice-de-lafaei\/","url":"https:\/\/www.tousnosprojets-bpifrance.fr\/blogwp\/sarreguemines-un-concert-caritatif-par-le-groupe-m-a-m-au-benefice-de-lafaei\/","name":"Sarreguemines Un concert caritatif par le groupe M.A.M au b\u00e9n\u00e9fice de l\u2019AFAEI - TOUSNOSPROJETS-BPIFRANCE","isPartOf":{"@id":"https:\/\/www.tousnosprojets-bpifrance.fr\/blogwp\/#website"},"primaryImageOfPage":{"@id":"https:\/\/www.tousnosprojets-bpifrance.fr\/blogwp\/sarreguemines-un-concert-caritatif-par-le-groupe-m-a-m-au-benefice-de-lafaei\/#primaryimage"},"image":{"@id":"https:\/\/www.tousnosprojets-bpifrance.fr\/blogwp\/sarreguemines-un-concert-caritatif-par-le-groupe-m-a-m-au-benefice-de-lafaei\/#primaryimage"},"thumbnailUrl":"https:\/\/www.tousnosprojets-bpifrance.fr\/blogwp\/wp-content\/uploads\/2022\/11\/sarreguemines-un-concert-caritatif-par-le-groupe-m-a-m-au-benefice-de-lafaei.jpg","datePublished":"2022-10-28T08:04:00+00:00","author":{"@id":"https:\/\/www.tousnosprojets-bpifrance.fr\/blogwp\/#\/schema\/person\/f876c490a3740cc789c3cb1e65a8adc0"},"description":"Sarreguemines Un concert caritatif par le groupe M.A.M au b\u00e9n\u00e9fice de l\u2019AFAEI article de TOUSNOSPROJETS-BPIFRANCE","breadcrumb":{"@id":"https:\/\/www.tousnosprojets-bpifrance.fr\/blogwp\/sarreguemines-un-concert-caritatif-par-le-groupe-m-a-m-au-benefice-de-lafaei\/#breadcrumb"},"inLanguage":"fr-FR","potentialAction":[{"@type":"ReadAction","target":["https:\/\/www.tousnosprojets-bpifrance.fr\/blogwp\/sarreguemines-un-concert-caritatif-par-le-groupe-m-a-m-au-benefice-de-lafaei\/"]}]},{"@type":"ImageObject","inLanguage":"fr-FR","@id":"https:\/\/www.tousnosprojets-bpifrance.fr\/blogwp\/sarreguemines-un-concert-caritatif-par-le-groupe-m-a-m-au-benefice-de-lafaei\/#primaryimage","url":"https:\/\/www.tousnosprojets-bpifrance.fr\/blogwp\/wp-content\/uploads\/2022\/11\/sarreguemines-un-concert-caritatif-par-le-groupe-m-a-m-au-benefice-de-lafaei.jpg","contentUrl":"https:\/\/www.tousnosprojets-bpifrance.fr\/blogwp\/wp-content\/uploads\/2022\/11\/sarreguemines-un-concert-caritatif-par-le-groupe-m-a-m-au-benefice-de-lafaei.jpg","width":1200,"height":630},{"@type":"BreadcrumbList","@id":"https:\/\/www.tousnosprojets-bpifrance.fr\/blogwp\/sarreguemines-un-concert-caritatif-par-le-groupe-m-a-m-au-benefice-de-lafaei\/#breadcrumb","itemListElement":[{"@type":"ListItem","position":1,"name":"Accueil","item":"https:\/\/www.tousnosprojets-bpifrance.fr\/blogwp\/"},{"@type":"ListItem","position":2,"name":"Sarreguemines Un concert caritatif par le groupe M.A.M au b\u00e9n\u00e9fice de l\u2019AFAEI"}]},{"@type":"WebSite","@id":"https:\/\/www.tousnosprojets-bpifrance.fr\/blogwp\/#website","url":"https:\/\/www.tousnosprojets-bpifrance.fr\/blogwp\/","name":"TOUSNOSPROJETS-BPIFRANCE","description":"crowdfunding: Trucs, astuces et prestations.","potentialAction":[{"@type":"SearchAction","target":{"@type":"EntryPoint","urlTemplate":"https:\/\/www.tousnosprojets-bpifrance.fr\/blogwp\/?s={search_term_string}"},"query-input":{"@type":"PropertyValueSpecification","valueRequired":true,"valueName":"search_term_string"}}],"inLanguage":"fr-FR"},{"@type":"Person","@id":"https:\/\/www.tousnosprojets-bpifrance.fr\/blogwp\/#\/schema\/person\/f876c490a3740cc789c3cb1e65a8adc0","name":"Alan Perret","image":{"@type":"ImageObject","inLanguage":"fr-FR","@id":"https:\/\/secure.gravatar.com\/avatar\/c6e94dc416a5e20b84c52da96347c55f193db85e5d7151f7011cdb10e2d787f1?s=96&d=mm&r=g","url":"https:\/\/secure.gravatar.com\/avatar\/c6e94dc416a5e20b84c52da96347c55f193db85e5d7151f7011cdb10e2d787f1?s=96&d=mm&r=g","contentUrl":"https:\/\/secure.gravatar.com\/avatar\/c6e94dc416a5e20b84c52da96347c55f193db85e5d7151f7011cdb10e2d787f1?s=96&d=mm&r=g","caption":"Alan Perret"},"url":"https:\/\/www.tousnosprojets-bpifrance.fr\/blogwp\/author\/ncealan\/"}]}},"_links":{"self":[{"href":"https:\/\/www.tousnosprojets-bpifrance.fr\/blogwp\/wp-json\/wp\/v2\/posts\/162","targetHints":{"allow":["GET"]}}],"collection":[{"href":"https:\/\/www.tousnosprojets-bpifrance.fr\/blogwp\/wp-json\/wp\/v2\/posts"}],"about":[{"href":"https:\/\/www.tousnosprojets-bpifrance.fr\/blogwp\/wp-json\/wp\/v2\/types\/post"}],"author":[{"embeddable":true,"href":"https:\/\/www.tousnosprojets-bpifrance.fr\/blogwp\/wp-json\/wp\/v2\/users\/2"}],"replies":[{"embeddable":true,"href":"https:\/\/www.tousnosprojets-bpifrance.fr\/blogwp\/wp-json\/wp\/v2\/comments?post=162"}],"version-history":[{"count":0,"href":"https:\/\/www.tousnosprojets-bpifrance.fr\/blogwp\/wp-json\/wp\/v2\/posts\/162\/revisions"}],"wp:featuredmedia":[{"embeddable":true,"href":"https:\/\/www.tousnosprojets-bpifrance.fr\/blogwp\/wp-json\/wp\/v2\/media\/164"}],"wp:attachment":[{"href":"https:\/\/www.tousnosprojets-bpifrance.fr\/blogwp\/wp-json\/wp\/v2\/media?parent=162"}],"wp:term":[{"taxonomy":"category","embeddable":true,"href":"https:\/\/www.tousnosprojets-bpifrance.fr\/blogwp\/wp-json\/wp\/v2\/categories?post=162"},{"taxonomy":"post_tag","embeddable":true,"href":"https:\/\/www.tousnosprojets-bpifrance.fr\/blogwp\/wp-json\/wp\/v2\/tags?post=162"}],"curies":[{"name":"wp","href":"https:\/\/api.w.org\/{rel}","templated":true}]}}