{"id":148,"date":"2022-10-13T23:36:00","date_gmt":"2022-10-13T22:36:00","guid":{"rendered":"https:\/\/www.tousnosprojets-bpifrance.fr\/auterive-concert-caritatif-de-lassociation-coquelicots\/"},"modified":"2022-10-13T23:36:00","modified_gmt":"2022-10-13T22:36:00","slug":"auterive-concert-caritatif-de-lassociation-coquelicots","status":"publish","type":"post","link":"https:\/\/www.tousnosprojets-bpifrance.fr\/blogwp\/auterive-concert-caritatif-de-lassociation-coquelicots\/","title":{"rendered":"Auterive. Concert caritatif de l\u2019association Coquelicots"},"content":{"rendered":"\n<p>L\u2019association Coquelicot d\u2019Auterive cr\u00e9\u00e9e en 2005 organise des \u00e9v\u00e8nements caritatifs gratuits, pour venir en aide aux enfants hospitalis\u00e9s en service d\u2019h\u00e9mato-oncologie p\u00e9diatrique \u00e0 Toulouse. Les fonds recueillis, provenant des seuls dons, sont revers\u00e9s \u00e0 l\u2019Apeco (Association de Parentes d\u2019Enfants Canc\u00e9reux d\u2019Occitanie), qui intervient depuis 30 ans, en collaboration avec les \u00e9quipes m\u00e9dicales de l\u2019h\u00f4pital des enfants de l\u2019h\u00f4pital Purpan, pour venir en aide tant aux enfants qu\u2019aux proches. Ces fonds servent ainsi \u00e0 financer l\u2019achat de mat\u00e9riel p\u00e9dagogique, des jeux, du mobilier, \u00e0 organiser des sorties, \u00e0 financer les remplacements de l\u2019\u00e9ducatrice du service.<\/p>\n<p><!-- Pub DFP Position [outstream] --> <\/p>\n<p>Un concert caritatif sera organis\u00e9 \u00e0 la salle Horizon \u00e0 Miremont le dimanche 16 octobre \u00e0 15 heures. Y participeront gracieusement l\u2019Union Musicale Auterivaine, et l\u2019orchestre du coll\u00e8ge d\u2019Auterive. L\u2019association Coquelicot, comme nombre d\u2019autres a besoin de b\u00e9n\u00e9voles pour mener \u00e0 bien ses actions de bienfaisance.<\/p>\n<p><!-- Pub DFP Position [article] --> <\/p>\n<p>Avec le soutien de la ville d\u2019Auterive, et en partenariat avec des acteurs associatifs de la commune, Coquelicot met en place des rendez-vous \u00e0 but caritatif : la F\u00eate des fleurs en avril, \u00e0 la salle et dans les jardins du Belv\u00e9d\u00e8re, soir\u00e9e concert spectacle en octobre et la soir\u00e9e \u00ab\u00a0contes et ch\u00e2taignes\u00a0\u00bb en novembre \u00e0 la m\u00e9diath\u00e8que (avec les Conteurs d\u2019Auterive). \u00c9galement la tenue d\u2019un Salon du livre avec une vingtaine d\u2019auteurs qui d\u00e9dicacent et vendent leurs \u0153uvres, reversant partie des b\u00e9n\u00e9fices \u00e0 Coquelicot qui vend des g\u00e2teaux et des ch\u00e2taignes grill\u00e9es. Coquelicot est ainsi le donateur le plus important pour l\u2019Apeco.<\/p>\n<footer class=\"txt-note\"><i>Renseignements : <a href=\"mailto:coquelicot31190@outlook.fr\">coquelicot31190@outlook.fr<\/a> et au 06 09 99 56 72. R\u00e9servation des places pour le concert du 16 octobre au m\u00eame num\u00e9ro.<\/i><\/footer>\n<p> Cet \u00e9crit est reproduit de la fa\u00e7on la plus honn\u00eate qui soit. Vous pouvez envoyer un message aux coordonn\u00e9es fournies sur notre site pour indiquer des pr\u00e9cisions sur ce contenu traitant du th\u00e8me \u00ab\u00a0crowdfunding\u00a0\u00bb. L\u2019objectif de tousnosprojets-bpifrance.fr \u00e9tant de collecter sur internet des donn\u00e9es sur le sujet de crowdfunding et les diffuser en t\u00e2chant de r\u00e9pondre au mieux aux questions du public. Vous pouvez tirer profit de ce post traitant le sujet \u00ab\u00a0crowdfunding\u00a0\u00bb. Il est s\u00e9lectionn\u00e9 par l\u2019\u00e9quipe tousnosprojets-bpifrance.fr. Consultez notre site internet tousnosprojets-bpifrance.fr et nos r\u00e9seaux sociaux dans l\u2019optique d\u2019\u00eatre au courant des prochaines communications.<\/p>\n","protected":false},"excerpt":{"rendered":"<p>L\u2019association Coquelicot d\u2019Auterive cr\u00e9\u00e9e en 2005 organise des \u00e9v\u00e8nements caritatifs gratuits, pour venir en aide aux enfants hospitalis\u00e9s en service d\u2019h\u00e9mato-oncologie p\u00e9diatrique \u00e0 Toulouse. Les fonds recueillis, provenant des seuls dons, sont revers\u00e9s \u00e0 l\u2019Apeco (Association de Parentes d\u2019Enfants Canc\u00e9reux d\u2019Occitanie), qui intervient depuis 30 ans, en collaboration avec les \u00e9quipes m\u00e9dicales de l\u2019h\u00f4pital des [&hellip;]<\/p>\n","protected":false},"author":2,"featured_media":149,"comment_status":"closed","ping_status":"closed","sticky":false,"template":"","format":"standard","meta":{"footnotes":""},"categories":[4],"tags":[],"class_list":["post-148","post","type-post","status-publish","format-standard","has-post-thumbnail","hentry","category-publication-crowdfunding","entry","has-media"],"yoast_head":"<!-- This site is optimized with the Yoast SEO plugin v27.5 - https:\/\/yoast.com\/product\/yoast-seo-wordpress\/ -->\n<title>Auterive. Concert caritatif de l\u2019association Coquelicots - TOUSNOSPROJETS-BPIFRANCE<\/title>\n<meta name=\"description\" content=\"Auterive. Concert caritatif de l\u2019association Coquelicots article de TOUSNOSPROJETS-BPIFRANCE\" \/>\n<meta name=\"robots\" content=\"index, follow, max-snippet:-1, max-image-preview:large, max-video-preview:-1\" \/>\n<link rel=\"canonical\" href=\"https:\/\/www.tousnosprojets-bpifrance.fr\/blogwp\/auterive-concert-caritatif-de-lassociation-coquelicots\/\" \/>\n<meta property=\"og:locale\" content=\"fr_FR\" \/>\n<meta property=\"og:type\" content=\"article\" \/>\n<meta property=\"og:title\" content=\"Auterive. Concert caritatif de l\u2019association Coquelicots - TOUSNOSPROJETS-BPIFRANCE\" \/>\n<meta property=\"og:description\" content=\"Auterive. Concert caritatif de l\u2019association Coquelicots article de TOUSNOSPROJETS-BPIFRANCE\" \/>\n<meta property=\"og:url\" content=\"https:\/\/www.tousnosprojets-bpifrance.fr\/blogwp\/auterive-concert-caritatif-de-lassociation-coquelicots\/\" \/>\n<meta property=\"og:site_name\" content=\"TOUSNOSPROJETS-BPIFRANCE\" \/>\n<meta property=\"article:published_time\" content=\"2022-10-13T22:36:00+00:00\" \/>\n<meta property=\"og:image\" content=\"https:\/\/www.tousnosprojets-bpifrance.fr\/blogwp\/wp-content\/uploads\/2022\/11\/auterive-concert-caritatif-de-lassociation-coquelicots.jpg\" \/>\n\t<meta property=\"og:image:width\" content=\"390\" \/>\n\t<meta property=\"og:image:height\" content=\"520\" \/>\n\t<meta property=\"og:image:type\" content=\"image\/jpeg\" \/>\n<meta name=\"author\" content=\"Alan Perret\" \/>\n<meta name=\"twitter:card\" content=\"summary_large_image\" \/>\n<meta name=\"twitter:label1\" content=\"\u00c9crit par\" \/>\n\t<meta name=\"twitter:data1\" content=\"Alan Perret\" \/>\n\t<meta name=\"twitter:label2\" content=\"Dur\u00e9e de lecture estim\u00e9e\" \/>\n\t<meta name=\"twitter:data2\" content=\"2 minutes\" \/>\n<script type=\"application\/ld+json\" class=\"yoast-schema-graph\">{\"@context\":\"https:\\\/\\\/schema.org\",\"@graph\":[{\"@type\":\"Article\",\"@id\":\"https:\\\/\\\/www.tousnosprojets-bpifrance.fr\\\/blogwp\\\/auterive-concert-caritatif-de-lassociation-coquelicots\\\/#article\",\"isPartOf\":{\"@id\":\"https:\\\/\\\/www.tousnosprojets-bpifrance.fr\\\/blogwp\\\/auterive-concert-caritatif-de-lassociation-coquelicots\\\/\"},\"author\":{\"name\":\"Alan Perret\",\"@id\":\"https:\\\/\\\/www.tousnosprojets-bpifrance.fr\\\/blogwp\\\/#\\\/schema\\\/person\\\/f876c490a3740cc789c3cb1e65a8adc0\"},\"headline\":\"Auterive. Concert caritatif de l\u2019association Coquelicots\",\"datePublished\":\"2022-10-13T22:36:00+00:00\",\"mainEntityOfPage\":{\"@id\":\"https:\\\/\\\/www.tousnosprojets-bpifrance.fr\\\/blogwp\\\/auterive-concert-caritatif-de-lassociation-coquelicots\\\/\"},\"wordCount\":415,\"image\":{\"@id\":\"https:\\\/\\\/www.tousnosprojets-bpifrance.fr\\\/blogwp\\\/auterive-concert-caritatif-de-lassociation-coquelicots\\\/#primaryimage\"},\"thumbnailUrl\":\"https:\\\/\\\/www.tousnosprojets-bpifrance.fr\\\/blogwp\\\/wp-content\\\/uploads\\\/2022\\\/11\\\/auterive-concert-caritatif-de-lassociation-coquelicots.jpg\",\"articleSection\":[\"Publication Crowdfunding:\"],\"inLanguage\":\"fr-FR\"},{\"@type\":\"WebPage\",\"@id\":\"https:\\\/\\\/www.tousnosprojets-bpifrance.fr\\\/blogwp\\\/auterive-concert-caritatif-de-lassociation-coquelicots\\\/\",\"url\":\"https:\\\/\\\/www.tousnosprojets-bpifrance.fr\\\/blogwp\\\/auterive-concert-caritatif-de-lassociation-coquelicots\\\/\",\"name\":\"Auterive. Concert caritatif de l\u2019association Coquelicots - TOUSNOSPROJETS-BPIFRANCE\",\"isPartOf\":{\"@id\":\"https:\\\/\\\/www.tousnosprojets-bpifrance.fr\\\/blogwp\\\/#website\"},\"primaryImageOfPage\":{\"@id\":\"https:\\\/\\\/www.tousnosprojets-bpifrance.fr\\\/blogwp\\\/auterive-concert-caritatif-de-lassociation-coquelicots\\\/#primaryimage\"},\"image\":{\"@id\":\"https:\\\/\\\/www.tousnosprojets-bpifrance.fr\\\/blogwp\\\/auterive-concert-caritatif-de-lassociation-coquelicots\\\/#primaryimage\"},\"thumbnailUrl\":\"https:\\\/\\\/www.tousnosprojets-bpifrance.fr\\\/blogwp\\\/wp-content\\\/uploads\\\/2022\\\/11\\\/auterive-concert-caritatif-de-lassociation-coquelicots.jpg\",\"datePublished\":\"2022-10-13T22:36:00+00:00\",\"author\":{\"@id\":\"https:\\\/\\\/www.tousnosprojets-bpifrance.fr\\\/blogwp\\\/#\\\/schema\\\/person\\\/f876c490a3740cc789c3cb1e65a8adc0\"},\"description\":\"Auterive. Concert caritatif de l\u2019association Coquelicots article de TOUSNOSPROJETS-BPIFRANCE\",\"breadcrumb\":{\"@id\":\"https:\\\/\\\/www.tousnosprojets-bpifrance.fr\\\/blogwp\\\/auterive-concert-caritatif-de-lassociation-coquelicots\\\/#breadcrumb\"},\"inLanguage\":\"fr-FR\",\"potentialAction\":[{\"@type\":\"ReadAction\",\"target\":[\"https:\\\/\\\/www.tousnosprojets-bpifrance.fr\\\/blogwp\\\/auterive-concert-caritatif-de-lassociation-coquelicots\\\/\"]}]},{\"@type\":\"ImageObject\",\"inLanguage\":\"fr-FR\",\"@id\":\"https:\\\/\\\/www.tousnosprojets-bpifrance.fr\\\/blogwp\\\/auterive-concert-caritatif-de-lassociation-coquelicots\\\/#primaryimage\",\"url\":\"https:\\\/\\\/www.tousnosprojets-bpifrance.fr\\\/blogwp\\\/wp-content\\\/uploads\\\/2022\\\/11\\\/auterive-concert-caritatif-de-lassociation-coquelicots.jpg\",\"contentUrl\":\"https:\\\/\\\/www.tousnosprojets-bpifrance.fr\\\/blogwp\\\/wp-content\\\/uploads\\\/2022\\\/11\\\/auterive-concert-caritatif-de-lassociation-coquelicots.jpg\",\"width\":390,\"height\":520},{\"@type\":\"BreadcrumbList\",\"@id\":\"https:\\\/\\\/www.tousnosprojets-bpifrance.fr\\\/blogwp\\\/auterive-concert-caritatif-de-lassociation-coquelicots\\\/#breadcrumb\",\"itemListElement\":[{\"@type\":\"ListItem\",\"position\":1,\"name\":\"Accueil\",\"item\":\"https:\\\/\\\/www.tousnosprojets-bpifrance.fr\\\/blogwp\\\/\"},{\"@type\":\"ListItem\",\"position\":2,\"name\":\"Auterive. Concert caritatif de l\u2019association Coquelicots\"}]},{\"@type\":\"WebSite\",\"@id\":\"https:\\\/\\\/www.tousnosprojets-bpifrance.fr\\\/blogwp\\\/#website\",\"url\":\"https:\\\/\\\/www.tousnosprojets-bpifrance.fr\\\/blogwp\\\/\",\"name\":\"TOUSNOSPROJETS-BPIFRANCE\",\"description\":\"crowdfunding: Trucs, astuces et prestations.\",\"potentialAction\":[{\"@type\":\"SearchAction\",\"target\":{\"@type\":\"EntryPoint\",\"urlTemplate\":\"https:\\\/\\\/www.tousnosprojets-bpifrance.fr\\\/blogwp\\\/?s={search_term_string}\"},\"query-input\":{\"@type\":\"PropertyValueSpecification\",\"valueRequired\":true,\"valueName\":\"search_term_string\"}}],\"inLanguage\":\"fr-FR\"},{\"@type\":\"Person\",\"@id\":\"https:\\\/\\\/www.tousnosprojets-bpifrance.fr\\\/blogwp\\\/#\\\/schema\\\/person\\\/f876c490a3740cc789c3cb1e65a8adc0\",\"name\":\"Alan Perret\",\"image\":{\"@type\":\"ImageObject\",\"inLanguage\":\"fr-FR\",\"@id\":\"https:\\\/\\\/secure.gravatar.com\\\/avatar\\\/c6e94dc416a5e20b84c52da96347c55f193db85e5d7151f7011cdb10e2d787f1?s=96&d=mm&r=g\",\"url\":\"https:\\\/\\\/secure.gravatar.com\\\/avatar\\\/c6e94dc416a5e20b84c52da96347c55f193db85e5d7151f7011cdb10e2d787f1?s=96&d=mm&r=g\",\"contentUrl\":\"https:\\\/\\\/secure.gravatar.com\\\/avatar\\\/c6e94dc416a5e20b84c52da96347c55f193db85e5d7151f7011cdb10e2d787f1?s=96&d=mm&r=g\",\"caption\":\"Alan Perret\"},\"url\":\"https:\\\/\\\/www.tousnosprojets-bpifrance.fr\\\/blogwp\\\/author\\\/ncealan\\\/\"}]}<\/script>\n<!-- \/ Yoast SEO plugin. -->","yoast_head_json":{"title":"Auterive. Concert caritatif de l\u2019association Coquelicots - TOUSNOSPROJETS-BPIFRANCE","description":"Auterive. Concert caritatif de l\u2019association Coquelicots article de TOUSNOSPROJETS-BPIFRANCE","robots":{"index":"index","follow":"follow","max-snippet":"max-snippet:-1","max-image-preview":"max-image-preview:large","max-video-preview":"max-video-preview:-1"},"canonical":"https:\/\/www.tousnosprojets-bpifrance.fr\/blogwp\/auterive-concert-caritatif-de-lassociation-coquelicots\/","og_locale":"fr_FR","og_type":"article","og_title":"Auterive. Concert caritatif de l\u2019association Coquelicots - TOUSNOSPROJETS-BPIFRANCE","og_description":"Auterive. Concert caritatif de l\u2019association Coquelicots article de TOUSNOSPROJETS-BPIFRANCE","og_url":"https:\/\/www.tousnosprojets-bpifrance.fr\/blogwp\/auterive-concert-caritatif-de-lassociation-coquelicots\/","og_site_name":"TOUSNOSPROJETS-BPIFRANCE","article_published_time":"2022-10-13T22:36:00+00:00","og_image":[{"width":390,"height":520,"url":"https:\/\/www.tousnosprojets-bpifrance.fr\/blogwp\/wp-content\/uploads\/2022\/11\/auterive-concert-caritatif-de-lassociation-coquelicots.jpg","type":"image\/jpeg"}],"author":"Alan Perret","twitter_card":"summary_large_image","twitter_misc":{"\u00c9crit par":"Alan Perret","Dur\u00e9e de lecture estim\u00e9e":"2 minutes"},"schema":{"@context":"https:\/\/schema.org","@graph":[{"@type":"Article","@id":"https:\/\/www.tousnosprojets-bpifrance.fr\/blogwp\/auterive-concert-caritatif-de-lassociation-coquelicots\/#article","isPartOf":{"@id":"https:\/\/www.tousnosprojets-bpifrance.fr\/blogwp\/auterive-concert-caritatif-de-lassociation-coquelicots\/"},"author":{"name":"Alan Perret","@id":"https:\/\/www.tousnosprojets-bpifrance.fr\/blogwp\/#\/schema\/person\/f876c490a3740cc789c3cb1e65a8adc0"},"headline":"Auterive. Concert caritatif de l\u2019association Coquelicots","datePublished":"2022-10-13T22:36:00+00:00","mainEntityOfPage":{"@id":"https:\/\/www.tousnosprojets-bpifrance.fr\/blogwp\/auterive-concert-caritatif-de-lassociation-coquelicots\/"},"wordCount":415,"image":{"@id":"https:\/\/www.tousnosprojets-bpifrance.fr\/blogwp\/auterive-concert-caritatif-de-lassociation-coquelicots\/#primaryimage"},"thumbnailUrl":"https:\/\/www.tousnosprojets-bpifrance.fr\/blogwp\/wp-content\/uploads\/2022\/11\/auterive-concert-caritatif-de-lassociation-coquelicots.jpg","articleSection":["Publication Crowdfunding:"],"inLanguage":"fr-FR"},{"@type":"WebPage","@id":"https:\/\/www.tousnosprojets-bpifrance.fr\/blogwp\/auterive-concert-caritatif-de-lassociation-coquelicots\/","url":"https:\/\/www.tousnosprojets-bpifrance.fr\/blogwp\/auterive-concert-caritatif-de-lassociation-coquelicots\/","name":"Auterive. Concert caritatif de l\u2019association Coquelicots - TOUSNOSPROJETS-BPIFRANCE","isPartOf":{"@id":"https:\/\/www.tousnosprojets-bpifrance.fr\/blogwp\/#website"},"primaryImageOfPage":{"@id":"https:\/\/www.tousnosprojets-bpifrance.fr\/blogwp\/auterive-concert-caritatif-de-lassociation-coquelicots\/#primaryimage"},"image":{"@id":"https:\/\/www.tousnosprojets-bpifrance.fr\/blogwp\/auterive-concert-caritatif-de-lassociation-coquelicots\/#primaryimage"},"thumbnailUrl":"https:\/\/www.tousnosprojets-bpifrance.fr\/blogwp\/wp-content\/uploads\/2022\/11\/auterive-concert-caritatif-de-lassociation-coquelicots.jpg","datePublished":"2022-10-13T22:36:00+00:00","author":{"@id":"https:\/\/www.tousnosprojets-bpifrance.fr\/blogwp\/#\/schema\/person\/f876c490a3740cc789c3cb1e65a8adc0"},"description":"Auterive. Concert caritatif de l\u2019association Coquelicots article de TOUSNOSPROJETS-BPIFRANCE","breadcrumb":{"@id":"https:\/\/www.tousnosprojets-bpifrance.fr\/blogwp\/auterive-concert-caritatif-de-lassociation-coquelicots\/#breadcrumb"},"inLanguage":"fr-FR","potentialAction":[{"@type":"ReadAction","target":["https:\/\/www.tousnosprojets-bpifrance.fr\/blogwp\/auterive-concert-caritatif-de-lassociation-coquelicots\/"]}]},{"@type":"ImageObject","inLanguage":"fr-FR","@id":"https:\/\/www.tousnosprojets-bpifrance.fr\/blogwp\/auterive-concert-caritatif-de-lassociation-coquelicots\/#primaryimage","url":"https:\/\/www.tousnosprojets-bpifrance.fr\/blogwp\/wp-content\/uploads\/2022\/11\/auterive-concert-caritatif-de-lassociation-coquelicots.jpg","contentUrl":"https:\/\/www.tousnosprojets-bpifrance.fr\/blogwp\/wp-content\/uploads\/2022\/11\/auterive-concert-caritatif-de-lassociation-coquelicots.jpg","width":390,"height":520},{"@type":"BreadcrumbList","@id":"https:\/\/www.tousnosprojets-bpifrance.fr\/blogwp\/auterive-concert-caritatif-de-lassociation-coquelicots\/#breadcrumb","itemListElement":[{"@type":"ListItem","position":1,"name":"Accueil","item":"https:\/\/www.tousnosprojets-bpifrance.fr\/blogwp\/"},{"@type":"ListItem","position":2,"name":"Auterive. Concert caritatif de l\u2019association Coquelicots"}]},{"@type":"WebSite","@id":"https:\/\/www.tousnosprojets-bpifrance.fr\/blogwp\/#website","url":"https:\/\/www.tousnosprojets-bpifrance.fr\/blogwp\/","name":"TOUSNOSPROJETS-BPIFRANCE","description":"crowdfunding: Trucs, astuces et prestations.","potentialAction":[{"@type":"SearchAction","target":{"@type":"EntryPoint","urlTemplate":"https:\/\/www.tousnosprojets-bpifrance.fr\/blogwp\/?s={search_term_string}"},"query-input":{"@type":"PropertyValueSpecification","valueRequired":true,"valueName":"search_term_string"}}],"inLanguage":"fr-FR"},{"@type":"Person","@id":"https:\/\/www.tousnosprojets-bpifrance.fr\/blogwp\/#\/schema\/person\/f876c490a3740cc789c3cb1e65a8adc0","name":"Alan Perret","image":{"@type":"ImageObject","inLanguage":"fr-FR","@id":"https:\/\/secure.gravatar.com\/avatar\/c6e94dc416a5e20b84c52da96347c55f193db85e5d7151f7011cdb10e2d787f1?s=96&d=mm&r=g","url":"https:\/\/secure.gravatar.com\/avatar\/c6e94dc416a5e20b84c52da96347c55f193db85e5d7151f7011cdb10e2d787f1?s=96&d=mm&r=g","contentUrl":"https:\/\/secure.gravatar.com\/avatar\/c6e94dc416a5e20b84c52da96347c55f193db85e5d7151f7011cdb10e2d787f1?s=96&d=mm&r=g","caption":"Alan Perret"},"url":"https:\/\/www.tousnosprojets-bpifrance.fr\/blogwp\/author\/ncealan\/"}]}},"_links":{"self":[{"href":"https:\/\/www.tousnosprojets-bpifrance.fr\/blogwp\/wp-json\/wp\/v2\/posts\/148","targetHints":{"allow":["GET"]}}],"collection":[{"href":"https:\/\/www.tousnosprojets-bpifrance.fr\/blogwp\/wp-json\/wp\/v2\/posts"}],"about":[{"href":"https:\/\/www.tousnosprojets-bpifrance.fr\/blogwp\/wp-json\/wp\/v2\/types\/post"}],"author":[{"embeddable":true,"href":"https:\/\/www.tousnosprojets-bpifrance.fr\/blogwp\/wp-json\/wp\/v2\/users\/2"}],"replies":[{"embeddable":true,"href":"https:\/\/www.tousnosprojets-bpifrance.fr\/blogwp\/wp-json\/wp\/v2\/comments?post=148"}],"version-history":[{"count":0,"href":"https:\/\/www.tousnosprojets-bpifrance.fr\/blogwp\/wp-json\/wp\/v2\/posts\/148\/revisions"}],"wp:featuredmedia":[{"embeddable":true,"href":"https:\/\/www.tousnosprojets-bpifrance.fr\/blogwp\/wp-json\/wp\/v2\/media\/149"}],"wp:attachment":[{"href":"https:\/\/www.tousnosprojets-bpifrance.fr\/blogwp\/wp-json\/wp\/v2\/media?parent=148"}],"wp:term":[{"taxonomy":"category","embeddable":true,"href":"https:\/\/www.tousnosprojets-bpifrance.fr\/blogwp\/wp-json\/wp\/v2\/categories?post=148"},{"taxonomy":"post_tag","embeddable":true,"href":"https:\/\/www.tousnosprojets-bpifrance.fr\/blogwp\/wp-json\/wp\/v2\/tags?post=148"}],"curies":[{"name":"wp","href":"https:\/\/api.w.org\/{rel}","templated":true}]}}