{"id":134,"date":"2022-10-26T22:01:00","date_gmt":"2022-10-26T21:01:00","guid":{"rendered":"https:\/\/www.tousnosprojets-bpifrance.fr\/succes-du-concert-caritatif\/"},"modified":"2022-10-26T22:01:00","modified_gmt":"2022-10-26T21:01:00","slug":"succes-du-concert-caritatif","status":"publish","type":"post","link":"https:\/\/www.tousnosprojets-bpifrance.fr\/blogwp\/succes-du-concert-caritatif\/","title":{"rendered":"Succ\u00e8s du concert caritatif"},"content":{"rendered":"\n<div><img decoding=\"async\" src=\"https:\/\/www.tousnosprojets-bpifrance.fr\/wp-content\/uploads\/2022\/11\/succes-du-concert-caritatif.jpg\" class=\"ff-og-image-inserted\"><\/div>\n<p>Dimanche 23 octobre, dans le cadre d\u2019Octobre rose, le concert caritatif organis\u00e9 dans l\u2019\u00e9glise de Caissargues, par\u00e9e de rose pour la circonstance, par les associations Se canta et Caissarg\u2019toncoeur, a obtenu un immense succ\u00e8s.<\/p>\n<p><!-- Pub DFP Position [outstream] --> <\/p>\n<p><span class=\"txt-cit\">\u00ab\u00a0Le public a \u00e9t\u00e9 conquis par le choix des chansons des artistes disparus, Trenet, Piaf, B\u00e9caud, Moustaki, Barbara, en passant par Balavoine, Berger et Bachelet, interpr\u00e9t\u00e9es avec brio par Michel Diniakos. Un coup de chapeau \u00e9galement \u00e0 Nickie qui a interpr\u00e9t\u00e9 a cappella, avec une superbe voix<\/span>, Dis quand reviendras-tu <span class=\"txt-cit\">et<\/span> La Tendresse. <span class=\"txt-cit\">Nous remercions \u00e9galement nos deux jeunes, Sabine et Jean, qui ont chant\u00e9 en duo des morceaux de com\u00e9dies musicales embl\u00e9matiques\u00a0\u00bb<\/span>, racontent les b\u00e9n\u00e9voles des deux associations.<\/p>\n<p><!-- Pub DFP Position [article] --> <\/p>\n<p>L\u2019int\u00e9gralit\u00e9 des b\u00e9n\u00e9fices du concert sera revers\u00e9e \u00e0 la Ligue contre le cancer du Gard. <span class=\"txt-cit\">\u00ab\u00a0La remise des fonds se fera officiellement en pr\u00e9sence d\u2019un repr\u00e9sentant de la Ligue \u00e0 une date ult\u00e9rieure\u00a0\u00bb<\/span>, pr\u00e9cisent les organisateurs.<\/p>\n<p>Correspondant Midi Libre : <a href=\"mailto:famillesalze@orange.fr\">famillesalze@orange.fr<\/a><\/p>\n<p> Cet \u00e9crit est reproduit de la fa\u00e7on la plus honn\u00eate qui soit. Vous pouvez envoyer un message aux coordonn\u00e9es fournies sur notre site pour indiquer des pr\u00e9cisions sur ce contenu traitant du th\u00e8me \u00ab\u00a0crowdfunding\u00a0\u00bb. L\u2019objectif de tousnosprojets-bpifrance.fr \u00e9tant de collecter sur internet des donn\u00e9es sur le sujet de crowdfunding et les diffuser en t\u00e2chant de r\u00e9pondre au mieux aux questions du public. Vous pouvez tirer profit de ce post traitant le sujet \u00ab\u00a0crowdfunding\u00a0\u00bb. Il est s\u00e9lectionn\u00e9 par l\u2019\u00e9quipe tousnosprojets-bpifrance.fr. Consultez notre site internet tousnosprojets-bpifrance.fr et nos r\u00e9seaux sociaux dans l\u2019optique d\u2019\u00eatre au courant des prochaines communications.<\/p>\n","protected":false},"excerpt":{"rendered":"<p>Dimanche 23 octobre, dans le cadre d\u2019Octobre rose, le concert caritatif organis\u00e9 dans l\u2019\u00e9glise de Caissargues, par\u00e9e de rose pour la circonstance, par les associations Se canta et Caissarg\u2019toncoeur, a obtenu un immense succ\u00e8s. \u00ab\u00a0Le public a \u00e9t\u00e9 conquis par le choix des chansons des artistes disparus, Trenet, Piaf, B\u00e9caud, Moustaki, Barbara, en passant par [&hellip;]<\/p>\n","protected":false},"author":2,"featured_media":136,"comment_status":"closed","ping_status":"closed","sticky":false,"template":"","format":"standard","meta":{"footnotes":""},"categories":[4],"tags":[],"class_list":["post-134","post","type-post","status-publish","format-standard","has-post-thumbnail","hentry","category-publication-crowdfunding","entry","has-media"],"yoast_head":"<!-- This site is optimized with the Yoast SEO plugin v27.5 - https:\/\/yoast.com\/product\/yoast-seo-wordpress\/ -->\n<title>Succ\u00e8s du concert caritatif - TOUSNOSPROJETS-BPIFRANCE<\/title>\n<meta name=\"description\" content=\"Succ\u00e8s du concert caritatif article de TOUSNOSPROJETS-BPIFRANCE\" \/>\n<meta name=\"robots\" content=\"index, follow, max-snippet:-1, max-image-preview:large, max-video-preview:-1\" \/>\n<link rel=\"canonical\" href=\"https:\/\/www.tousnosprojets-bpifrance.fr\/blogwp\/succes-du-concert-caritatif\/\" \/>\n<meta property=\"og:locale\" content=\"fr_FR\" \/>\n<meta property=\"og:type\" content=\"article\" \/>\n<meta property=\"og:title\" content=\"Succ\u00e8s du concert caritatif - TOUSNOSPROJETS-BPIFRANCE\" \/>\n<meta property=\"og:description\" content=\"Succ\u00e8s du concert caritatif article de TOUSNOSPROJETS-BPIFRANCE\" \/>\n<meta property=\"og:url\" content=\"https:\/\/www.tousnosprojets-bpifrance.fr\/blogwp\/succes-du-concert-caritatif\/\" \/>\n<meta property=\"og:site_name\" content=\"TOUSNOSPROJETS-BPIFRANCE\" \/>\n<meta property=\"article:published_time\" content=\"2022-10-26T21:01:00+00:00\" \/>\n<meta property=\"og:image\" content=\"https:\/\/www.tousnosprojets-bpifrance.fr\/blogwp\/wp-content\/uploads\/2022\/11\/succes-du-concert-caritatif.jpg\" \/>\n\t<meta property=\"og:image:width\" content=\"885\" \/>\n\t<meta property=\"og:image:height\" content=\"500\" \/>\n\t<meta property=\"og:image:type\" content=\"image\/jpeg\" \/>\n<meta name=\"author\" content=\"Alan Perret\" \/>\n<meta name=\"twitter:card\" content=\"summary_large_image\" \/>\n<meta name=\"twitter:label1\" content=\"\u00c9crit par\" \/>\n\t<meta name=\"twitter:data1\" content=\"Alan Perret\" \/>\n\t<meta name=\"twitter:label2\" content=\"Dur\u00e9e de lecture estim\u00e9e\" \/>\n\t<meta name=\"twitter:data2\" content=\"1 minute\" \/>\n<script type=\"application\/ld+json\" class=\"yoast-schema-graph\">{\"@context\":\"https:\\\/\\\/schema.org\",\"@graph\":[{\"@type\":\"Article\",\"@id\":\"https:\\\/\\\/www.tousnosprojets-bpifrance.fr\\\/blogwp\\\/succes-du-concert-caritatif\\\/#article\",\"isPartOf\":{\"@id\":\"https:\\\/\\\/www.tousnosprojets-bpifrance.fr\\\/blogwp\\\/succes-du-concert-caritatif\\\/\"},\"author\":{\"name\":\"Alan Perret\",\"@id\":\"https:\\\/\\\/www.tousnosprojets-bpifrance.fr\\\/blogwp\\\/#\\\/schema\\\/person\\\/f876c490a3740cc789c3cb1e65a8adc0\"},\"headline\":\"Succ\u00e8s du concert caritatif\",\"datePublished\":\"2022-10-26T21:01:00+00:00\",\"mainEntityOfPage\":{\"@id\":\"https:\\\/\\\/www.tousnosprojets-bpifrance.fr\\\/blogwp\\\/succes-du-concert-caritatif\\\/\"},\"wordCount\":292,\"image\":{\"@id\":\"https:\\\/\\\/www.tousnosprojets-bpifrance.fr\\\/blogwp\\\/succes-du-concert-caritatif\\\/#primaryimage\"},\"thumbnailUrl\":\"https:\\\/\\\/www.tousnosprojets-bpifrance.fr\\\/blogwp\\\/wp-content\\\/uploads\\\/2022\\\/11\\\/succes-du-concert-caritatif.jpg\",\"articleSection\":[\"Publication Crowdfunding:\"],\"inLanguage\":\"fr-FR\"},{\"@type\":\"WebPage\",\"@id\":\"https:\\\/\\\/www.tousnosprojets-bpifrance.fr\\\/blogwp\\\/succes-du-concert-caritatif\\\/\",\"url\":\"https:\\\/\\\/www.tousnosprojets-bpifrance.fr\\\/blogwp\\\/succes-du-concert-caritatif\\\/\",\"name\":\"Succ\u00e8s du concert caritatif - TOUSNOSPROJETS-BPIFRANCE\",\"isPartOf\":{\"@id\":\"https:\\\/\\\/www.tousnosprojets-bpifrance.fr\\\/blogwp\\\/#website\"},\"primaryImageOfPage\":{\"@id\":\"https:\\\/\\\/www.tousnosprojets-bpifrance.fr\\\/blogwp\\\/succes-du-concert-caritatif\\\/#primaryimage\"},\"image\":{\"@id\":\"https:\\\/\\\/www.tousnosprojets-bpifrance.fr\\\/blogwp\\\/succes-du-concert-caritatif\\\/#primaryimage\"},\"thumbnailUrl\":\"https:\\\/\\\/www.tousnosprojets-bpifrance.fr\\\/blogwp\\\/wp-content\\\/uploads\\\/2022\\\/11\\\/succes-du-concert-caritatif.jpg\",\"datePublished\":\"2022-10-26T21:01:00+00:00\",\"author\":{\"@id\":\"https:\\\/\\\/www.tousnosprojets-bpifrance.fr\\\/blogwp\\\/#\\\/schema\\\/person\\\/f876c490a3740cc789c3cb1e65a8adc0\"},\"description\":\"Succ\u00e8s du concert caritatif article de TOUSNOSPROJETS-BPIFRANCE\",\"breadcrumb\":{\"@id\":\"https:\\\/\\\/www.tousnosprojets-bpifrance.fr\\\/blogwp\\\/succes-du-concert-caritatif\\\/#breadcrumb\"},\"inLanguage\":\"fr-FR\",\"potentialAction\":[{\"@type\":\"ReadAction\",\"target\":[\"https:\\\/\\\/www.tousnosprojets-bpifrance.fr\\\/blogwp\\\/succes-du-concert-caritatif\\\/\"]}]},{\"@type\":\"ImageObject\",\"inLanguage\":\"fr-FR\",\"@id\":\"https:\\\/\\\/www.tousnosprojets-bpifrance.fr\\\/blogwp\\\/succes-du-concert-caritatif\\\/#primaryimage\",\"url\":\"https:\\\/\\\/www.tousnosprojets-bpifrance.fr\\\/blogwp\\\/wp-content\\\/uploads\\\/2022\\\/11\\\/succes-du-concert-caritatif.jpg\",\"contentUrl\":\"https:\\\/\\\/www.tousnosprojets-bpifrance.fr\\\/blogwp\\\/wp-content\\\/uploads\\\/2022\\\/11\\\/succes-du-concert-caritatif.jpg\",\"width\":885,\"height\":500},{\"@type\":\"BreadcrumbList\",\"@id\":\"https:\\\/\\\/www.tousnosprojets-bpifrance.fr\\\/blogwp\\\/succes-du-concert-caritatif\\\/#breadcrumb\",\"itemListElement\":[{\"@type\":\"ListItem\",\"position\":1,\"name\":\"Accueil\",\"item\":\"https:\\\/\\\/www.tousnosprojets-bpifrance.fr\\\/blogwp\\\/\"},{\"@type\":\"ListItem\",\"position\":2,\"name\":\"Succ\u00e8s du concert caritatif\"}]},{\"@type\":\"WebSite\",\"@id\":\"https:\\\/\\\/www.tousnosprojets-bpifrance.fr\\\/blogwp\\\/#website\",\"url\":\"https:\\\/\\\/www.tousnosprojets-bpifrance.fr\\\/blogwp\\\/\",\"name\":\"TOUSNOSPROJETS-BPIFRANCE\",\"description\":\"crowdfunding: Trucs, astuces et prestations.\",\"potentialAction\":[{\"@type\":\"SearchAction\",\"target\":{\"@type\":\"EntryPoint\",\"urlTemplate\":\"https:\\\/\\\/www.tousnosprojets-bpifrance.fr\\\/blogwp\\\/?s={search_term_string}\"},\"query-input\":{\"@type\":\"PropertyValueSpecification\",\"valueRequired\":true,\"valueName\":\"search_term_string\"}}],\"inLanguage\":\"fr-FR\"},{\"@type\":\"Person\",\"@id\":\"https:\\\/\\\/www.tousnosprojets-bpifrance.fr\\\/blogwp\\\/#\\\/schema\\\/person\\\/f876c490a3740cc789c3cb1e65a8adc0\",\"name\":\"Alan Perret\",\"image\":{\"@type\":\"ImageObject\",\"inLanguage\":\"fr-FR\",\"@id\":\"https:\\\/\\\/secure.gravatar.com\\\/avatar\\\/c6e94dc416a5e20b84c52da96347c55f193db85e5d7151f7011cdb10e2d787f1?s=96&d=mm&r=g\",\"url\":\"https:\\\/\\\/secure.gravatar.com\\\/avatar\\\/c6e94dc416a5e20b84c52da96347c55f193db85e5d7151f7011cdb10e2d787f1?s=96&d=mm&r=g\",\"contentUrl\":\"https:\\\/\\\/secure.gravatar.com\\\/avatar\\\/c6e94dc416a5e20b84c52da96347c55f193db85e5d7151f7011cdb10e2d787f1?s=96&d=mm&r=g\",\"caption\":\"Alan Perret\"},\"url\":\"https:\\\/\\\/www.tousnosprojets-bpifrance.fr\\\/blogwp\\\/author\\\/ncealan\\\/\"}]}<\/script>\n<!-- \/ Yoast SEO plugin. -->","yoast_head_json":{"title":"Succ\u00e8s du concert caritatif - TOUSNOSPROJETS-BPIFRANCE","description":"Succ\u00e8s du concert caritatif article de TOUSNOSPROJETS-BPIFRANCE","robots":{"index":"index","follow":"follow","max-snippet":"max-snippet:-1","max-image-preview":"max-image-preview:large","max-video-preview":"max-video-preview:-1"},"canonical":"https:\/\/www.tousnosprojets-bpifrance.fr\/blogwp\/succes-du-concert-caritatif\/","og_locale":"fr_FR","og_type":"article","og_title":"Succ\u00e8s du concert caritatif - TOUSNOSPROJETS-BPIFRANCE","og_description":"Succ\u00e8s du concert caritatif article de TOUSNOSPROJETS-BPIFRANCE","og_url":"https:\/\/www.tousnosprojets-bpifrance.fr\/blogwp\/succes-du-concert-caritatif\/","og_site_name":"TOUSNOSPROJETS-BPIFRANCE","article_published_time":"2022-10-26T21:01:00+00:00","og_image":[{"width":885,"height":500,"url":"https:\/\/www.tousnosprojets-bpifrance.fr\/blogwp\/wp-content\/uploads\/2022\/11\/succes-du-concert-caritatif.jpg","type":"image\/jpeg"}],"author":"Alan Perret","twitter_card":"summary_large_image","twitter_misc":{"\u00c9crit par":"Alan Perret","Dur\u00e9e de lecture estim\u00e9e":"1 minute"},"schema":{"@context":"https:\/\/schema.org","@graph":[{"@type":"Article","@id":"https:\/\/www.tousnosprojets-bpifrance.fr\/blogwp\/succes-du-concert-caritatif\/#article","isPartOf":{"@id":"https:\/\/www.tousnosprojets-bpifrance.fr\/blogwp\/succes-du-concert-caritatif\/"},"author":{"name":"Alan Perret","@id":"https:\/\/www.tousnosprojets-bpifrance.fr\/blogwp\/#\/schema\/person\/f876c490a3740cc789c3cb1e65a8adc0"},"headline":"Succ\u00e8s du concert caritatif","datePublished":"2022-10-26T21:01:00+00:00","mainEntityOfPage":{"@id":"https:\/\/www.tousnosprojets-bpifrance.fr\/blogwp\/succes-du-concert-caritatif\/"},"wordCount":292,"image":{"@id":"https:\/\/www.tousnosprojets-bpifrance.fr\/blogwp\/succes-du-concert-caritatif\/#primaryimage"},"thumbnailUrl":"https:\/\/www.tousnosprojets-bpifrance.fr\/blogwp\/wp-content\/uploads\/2022\/11\/succes-du-concert-caritatif.jpg","articleSection":["Publication Crowdfunding:"],"inLanguage":"fr-FR"},{"@type":"WebPage","@id":"https:\/\/www.tousnosprojets-bpifrance.fr\/blogwp\/succes-du-concert-caritatif\/","url":"https:\/\/www.tousnosprojets-bpifrance.fr\/blogwp\/succes-du-concert-caritatif\/","name":"Succ\u00e8s du concert caritatif - TOUSNOSPROJETS-BPIFRANCE","isPartOf":{"@id":"https:\/\/www.tousnosprojets-bpifrance.fr\/blogwp\/#website"},"primaryImageOfPage":{"@id":"https:\/\/www.tousnosprojets-bpifrance.fr\/blogwp\/succes-du-concert-caritatif\/#primaryimage"},"image":{"@id":"https:\/\/www.tousnosprojets-bpifrance.fr\/blogwp\/succes-du-concert-caritatif\/#primaryimage"},"thumbnailUrl":"https:\/\/www.tousnosprojets-bpifrance.fr\/blogwp\/wp-content\/uploads\/2022\/11\/succes-du-concert-caritatif.jpg","datePublished":"2022-10-26T21:01:00+00:00","author":{"@id":"https:\/\/www.tousnosprojets-bpifrance.fr\/blogwp\/#\/schema\/person\/f876c490a3740cc789c3cb1e65a8adc0"},"description":"Succ\u00e8s du concert caritatif article de TOUSNOSPROJETS-BPIFRANCE","breadcrumb":{"@id":"https:\/\/www.tousnosprojets-bpifrance.fr\/blogwp\/succes-du-concert-caritatif\/#breadcrumb"},"inLanguage":"fr-FR","potentialAction":[{"@type":"ReadAction","target":["https:\/\/www.tousnosprojets-bpifrance.fr\/blogwp\/succes-du-concert-caritatif\/"]}]},{"@type":"ImageObject","inLanguage":"fr-FR","@id":"https:\/\/www.tousnosprojets-bpifrance.fr\/blogwp\/succes-du-concert-caritatif\/#primaryimage","url":"https:\/\/www.tousnosprojets-bpifrance.fr\/blogwp\/wp-content\/uploads\/2022\/11\/succes-du-concert-caritatif.jpg","contentUrl":"https:\/\/www.tousnosprojets-bpifrance.fr\/blogwp\/wp-content\/uploads\/2022\/11\/succes-du-concert-caritatif.jpg","width":885,"height":500},{"@type":"BreadcrumbList","@id":"https:\/\/www.tousnosprojets-bpifrance.fr\/blogwp\/succes-du-concert-caritatif\/#breadcrumb","itemListElement":[{"@type":"ListItem","position":1,"name":"Accueil","item":"https:\/\/www.tousnosprojets-bpifrance.fr\/blogwp\/"},{"@type":"ListItem","position":2,"name":"Succ\u00e8s du concert caritatif"}]},{"@type":"WebSite","@id":"https:\/\/www.tousnosprojets-bpifrance.fr\/blogwp\/#website","url":"https:\/\/www.tousnosprojets-bpifrance.fr\/blogwp\/","name":"TOUSNOSPROJETS-BPIFRANCE","description":"crowdfunding: Trucs, astuces et prestations.","potentialAction":[{"@type":"SearchAction","target":{"@type":"EntryPoint","urlTemplate":"https:\/\/www.tousnosprojets-bpifrance.fr\/blogwp\/?s={search_term_string}"},"query-input":{"@type":"PropertyValueSpecification","valueRequired":true,"valueName":"search_term_string"}}],"inLanguage":"fr-FR"},{"@type":"Person","@id":"https:\/\/www.tousnosprojets-bpifrance.fr\/blogwp\/#\/schema\/person\/f876c490a3740cc789c3cb1e65a8adc0","name":"Alan Perret","image":{"@type":"ImageObject","inLanguage":"fr-FR","@id":"https:\/\/secure.gravatar.com\/avatar\/c6e94dc416a5e20b84c52da96347c55f193db85e5d7151f7011cdb10e2d787f1?s=96&d=mm&r=g","url":"https:\/\/secure.gravatar.com\/avatar\/c6e94dc416a5e20b84c52da96347c55f193db85e5d7151f7011cdb10e2d787f1?s=96&d=mm&r=g","contentUrl":"https:\/\/secure.gravatar.com\/avatar\/c6e94dc416a5e20b84c52da96347c55f193db85e5d7151f7011cdb10e2d787f1?s=96&d=mm&r=g","caption":"Alan Perret"},"url":"https:\/\/www.tousnosprojets-bpifrance.fr\/blogwp\/author\/ncealan\/"}]}},"_links":{"self":[{"href":"https:\/\/www.tousnosprojets-bpifrance.fr\/blogwp\/wp-json\/wp\/v2\/posts\/134","targetHints":{"allow":["GET"]}}],"collection":[{"href":"https:\/\/www.tousnosprojets-bpifrance.fr\/blogwp\/wp-json\/wp\/v2\/posts"}],"about":[{"href":"https:\/\/www.tousnosprojets-bpifrance.fr\/blogwp\/wp-json\/wp\/v2\/types\/post"}],"author":[{"embeddable":true,"href":"https:\/\/www.tousnosprojets-bpifrance.fr\/blogwp\/wp-json\/wp\/v2\/users\/2"}],"replies":[{"embeddable":true,"href":"https:\/\/www.tousnosprojets-bpifrance.fr\/blogwp\/wp-json\/wp\/v2\/comments?post=134"}],"version-history":[{"count":0,"href":"https:\/\/www.tousnosprojets-bpifrance.fr\/blogwp\/wp-json\/wp\/v2\/posts\/134\/revisions"}],"wp:featuredmedia":[{"embeddable":true,"href":"https:\/\/www.tousnosprojets-bpifrance.fr\/blogwp\/wp-json\/wp\/v2\/media\/136"}],"wp:attachment":[{"href":"https:\/\/www.tousnosprojets-bpifrance.fr\/blogwp\/wp-json\/wp\/v2\/media?parent=134"}],"wp:term":[{"taxonomy":"category","embeddable":true,"href":"https:\/\/www.tousnosprojets-bpifrance.fr\/blogwp\/wp-json\/wp\/v2\/categories?post=134"},{"taxonomy":"post_tag","embeddable":true,"href":"https:\/\/www.tousnosprojets-bpifrance.fr\/blogwp\/wp-json\/wp\/v2\/tags?post=134"}],"curies":[{"name":"wp","href":"https:\/\/api.w.org\/{rel}","templated":true}]}}