{"id":122,"date":"2022-10-25T01:08:00","date_gmt":"2022-10-25T00:08:00","guid":{"rendered":"https:\/\/www.tousnosprojets-bpifrance.fr\/the-dansant-caritatif-organise-a-troyes\/"},"modified":"2022-10-25T01:08:00","modified_gmt":"2022-10-25T00:08:00","slug":"the-dansant-caritatif-organise-a-troyes","status":"publish","type":"post","link":"https:\/\/www.tousnosprojets-bpifrance.fr\/blogwp\/the-dansant-caritatif-organise-a-troyes\/","title":{"rendered":"Th\u00e9 dansant caritatif organis\u00e9 \u00e0 Troyes"},"content":{"rendered":"\n<div><img decoding=\"async\" src=\"https:\/\/www.tousnosprojets-bpifrance.fr\/wp-content\/uploads\/2022\/11\/the-dansant-caritatif-organise-a-troyes.jpg\" class=\"ff-og-image-inserted\"><\/div>\n<div id>\n<p>L\u2019association au Soutien Actif organise un th\u00e9 dansant caritatif \u00e0 Troyes.<\/p>\n<\/p><\/div>\n<div id>\n<p>L\u2019association troyenne au Soutien Actif organise un th\u00e9 dansant caritatif \u00e0 Troyes.<\/p>\n<p> <!-- \/\/ builder=DFPTagBuilder, site=REMENG, pageType=node, context=\/Sections\/L\\'Est-\u00e9clair\/Aube\/Troyes et agglom\u00e9ration, position=article_article, edition=, domain=www.lest-eclair.fr --> <!-- \/\/ builder=DFPTagBuilder, site=REMENG, pageType=node, context=\/Sections\/L\\'Est-\u00e9clair\/Aube\/Troyes et agglom\u00e9ration, position=article_article, edition=, domain=www.lest-eclair.fr --> <\/p>\n<p>L\u2019\u00e9v\u00e9nement se d\u00e9roule dimanche 6 novembre de 15h \u00e0 20h \u00e0 la salle des f\u00eates de l\u2019h\u00f4tel de ville de Troyes. La musique sera assur\u00e9e par l\u2019orchestre de Jean-Claude Daniel. L\u2019entr\u00e9e est fix\u00e9e \u00e0 15\u20ac. Le but de cet apr\u00e8s-midi r\u00e9cr\u00e9atif organis\u00e9 par cette association caritative locale, est<em> \u00ab&nbsp;de r\u00e9colter des fonds afin de venir en aide aux personnes malade du cancer de l\u2019Aube&nbsp;\u00bb<\/em>, insiste Denise Legrand, pr\u00e9sidente du Soutien Actif.<\/p>\n<p> <!-- \/\/ builder=DFPTagBuilder, site=REMENG, pageType=node, context=\/Sections\/L\\'Est-\u00e9clair\/Aube\/Troyes et agglom\u00e9ration, position=article_article, edition=, domain=www.lest-eclair.fr --> <\/p>\n<p>R\u00e9servation des places au 06 67 53 69 42 ou au magasin Au Soutien Actif avenue Marie-de-Champagne \u00e0 Troyes.<\/p>\n<\/div>\n<p> Cet \u00e9crit est reproduit de la fa\u00e7on la plus honn\u00eate qui soit. Vous pouvez envoyer un message aux coordonn\u00e9es fournies sur notre site pour indiquer des pr\u00e9cisions sur ce contenu traitant du th\u00e8me \u00ab\u00a0crowdfunding\u00a0\u00bb. L\u2019objectif de tousnosprojets-bpifrance.fr \u00e9tant de collecter sur internet des donn\u00e9es sur le sujet de crowdfunding et les diffuser en t\u00e2chant de r\u00e9pondre au mieux aux questions du public. Vous pouvez tirer profit de ce post traitant le sujet \u00ab\u00a0crowdfunding\u00a0\u00bb. Il est s\u00e9lectionn\u00e9 par l\u2019\u00e9quipe tousnosprojets-bpifrance.fr. Consultez notre site internet tousnosprojets-bpifrance.fr et nos r\u00e9seaux sociaux dans l\u2019optique d\u2019\u00eatre au courant des prochaines communications.<\/p>\n","protected":false},"excerpt":{"rendered":"<p>L\u2019association au Soutien Actif organise un th\u00e9 dansant caritatif \u00e0 Troyes. L\u2019association troyenne au Soutien Actif organise un th\u00e9 dansant caritatif \u00e0 Troyes. L\u2019\u00e9v\u00e9nement se d\u00e9roule dimanche 6 novembre de 15h \u00e0 20h \u00e0 la salle des f\u00eates de l\u2019h\u00f4tel de ville de Troyes. La musique sera assur\u00e9e par l\u2019orchestre de Jean-Claude Daniel. L\u2019entr\u00e9e est [&hellip;]<\/p>\n","protected":false},"author":2,"featured_media":124,"comment_status":"closed","ping_status":"closed","sticky":false,"template":"","format":"standard","meta":{"footnotes":""},"categories":[4],"tags":[],"class_list":["post-122","post","type-post","status-publish","format-standard","has-post-thumbnail","hentry","category-publication-crowdfunding","entry","has-media"],"yoast_head":"<!-- This site is optimized with the Yoast SEO plugin v27.5 - https:\/\/yoast.com\/product\/yoast-seo-wordpress\/ -->\n<title>Th\u00e9 dansant caritatif organis\u00e9 \u00e0 Troyes - TOUSNOSPROJETS-BPIFRANCE<\/title>\n<meta name=\"description\" content=\"Th\u00e9 dansant caritatif organis\u00e9 \u00e0 Troyes article de TOUSNOSPROJETS-BPIFRANCE\" \/>\n<meta name=\"robots\" content=\"index, follow, max-snippet:-1, max-image-preview:large, max-video-preview:-1\" \/>\n<link rel=\"canonical\" href=\"https:\/\/www.tousnosprojets-bpifrance.fr\/blogwp\/the-dansant-caritatif-organise-a-troyes\/\" \/>\n<meta property=\"og:locale\" content=\"fr_FR\" \/>\n<meta property=\"og:type\" content=\"article\" \/>\n<meta property=\"og:title\" content=\"Th\u00e9 dansant caritatif organis\u00e9 \u00e0 Troyes - TOUSNOSPROJETS-BPIFRANCE\" \/>\n<meta property=\"og:description\" content=\"Th\u00e9 dansant caritatif organis\u00e9 \u00e0 Troyes article de TOUSNOSPROJETS-BPIFRANCE\" \/>\n<meta property=\"og:url\" content=\"https:\/\/www.tousnosprojets-bpifrance.fr\/blogwp\/the-dansant-caritatif-organise-a-troyes\/\" \/>\n<meta property=\"og:site_name\" content=\"TOUSNOSPROJETS-BPIFRANCE\" \/>\n<meta property=\"article:published_time\" content=\"2022-10-25T00:08:00+00:00\" \/>\n<meta property=\"og:image\" content=\"https:\/\/www.tousnosprojets-bpifrance.fr\/blogwp\/wp-content\/uploads\/2022\/11\/the-dansant-caritatif-organise-a-troyes.jpg\" \/>\n\t<meta property=\"og:image:width\" content=\"970\" \/>\n\t<meta property=\"og:image:height\" content=\"669\" \/>\n\t<meta property=\"og:image:type\" content=\"image\/jpeg\" \/>\n<meta name=\"author\" content=\"Alan Perret\" \/>\n<meta name=\"twitter:card\" content=\"summary_large_image\" \/>\n<meta name=\"twitter:label1\" content=\"\u00c9crit par\" \/>\n\t<meta name=\"twitter:data1\" content=\"Alan Perret\" \/>\n\t<meta name=\"twitter:label2\" content=\"Dur\u00e9e de lecture estim\u00e9e\" \/>\n\t<meta name=\"twitter:data2\" content=\"1 minute\" \/>\n<script type=\"application\/ld+json\" class=\"yoast-schema-graph\">{\"@context\":\"https:\\\/\\\/schema.org\",\"@graph\":[{\"@type\":\"Article\",\"@id\":\"https:\\\/\\\/www.tousnosprojets-bpifrance.fr\\\/blogwp\\\/the-dansant-caritatif-organise-a-troyes\\\/#article\",\"isPartOf\":{\"@id\":\"https:\\\/\\\/www.tousnosprojets-bpifrance.fr\\\/blogwp\\\/the-dansant-caritatif-organise-a-troyes\\\/\"},\"author\":{\"name\":\"Alan Perret\",\"@id\":\"https:\\\/\\\/www.tousnosprojets-bpifrance.fr\\\/blogwp\\\/#\\\/schema\\\/person\\\/f876c490a3740cc789c3cb1e65a8adc0\"},\"headline\":\"Th\u00e9 dansant caritatif organis\u00e9 \u00e0 Troyes\",\"datePublished\":\"2022-10-25T00:08:00+00:00\",\"mainEntityOfPage\":{\"@id\":\"https:\\\/\\\/www.tousnosprojets-bpifrance.fr\\\/blogwp\\\/the-dansant-caritatif-organise-a-troyes\\\/\"},\"wordCount\":240,\"image\":{\"@id\":\"https:\\\/\\\/www.tousnosprojets-bpifrance.fr\\\/blogwp\\\/the-dansant-caritatif-organise-a-troyes\\\/#primaryimage\"},\"thumbnailUrl\":\"https:\\\/\\\/www.tousnosprojets-bpifrance.fr\\\/blogwp\\\/wp-content\\\/uploads\\\/2022\\\/11\\\/the-dansant-caritatif-organise-a-troyes.jpg\",\"articleSection\":[\"Publication Crowdfunding:\"],\"inLanguage\":\"fr-FR\"},{\"@type\":\"WebPage\",\"@id\":\"https:\\\/\\\/www.tousnosprojets-bpifrance.fr\\\/blogwp\\\/the-dansant-caritatif-organise-a-troyes\\\/\",\"url\":\"https:\\\/\\\/www.tousnosprojets-bpifrance.fr\\\/blogwp\\\/the-dansant-caritatif-organise-a-troyes\\\/\",\"name\":\"Th\u00e9 dansant caritatif organis\u00e9 \u00e0 Troyes - TOUSNOSPROJETS-BPIFRANCE\",\"isPartOf\":{\"@id\":\"https:\\\/\\\/www.tousnosprojets-bpifrance.fr\\\/blogwp\\\/#website\"},\"primaryImageOfPage\":{\"@id\":\"https:\\\/\\\/www.tousnosprojets-bpifrance.fr\\\/blogwp\\\/the-dansant-caritatif-organise-a-troyes\\\/#primaryimage\"},\"image\":{\"@id\":\"https:\\\/\\\/www.tousnosprojets-bpifrance.fr\\\/blogwp\\\/the-dansant-caritatif-organise-a-troyes\\\/#primaryimage\"},\"thumbnailUrl\":\"https:\\\/\\\/www.tousnosprojets-bpifrance.fr\\\/blogwp\\\/wp-content\\\/uploads\\\/2022\\\/11\\\/the-dansant-caritatif-organise-a-troyes.jpg\",\"datePublished\":\"2022-10-25T00:08:00+00:00\",\"author\":{\"@id\":\"https:\\\/\\\/www.tousnosprojets-bpifrance.fr\\\/blogwp\\\/#\\\/schema\\\/person\\\/f876c490a3740cc789c3cb1e65a8adc0\"},\"description\":\"Th\u00e9 dansant caritatif organis\u00e9 \u00e0 Troyes article de TOUSNOSPROJETS-BPIFRANCE\",\"breadcrumb\":{\"@id\":\"https:\\\/\\\/www.tousnosprojets-bpifrance.fr\\\/blogwp\\\/the-dansant-caritatif-organise-a-troyes\\\/#breadcrumb\"},\"inLanguage\":\"fr-FR\",\"potentialAction\":[{\"@type\":\"ReadAction\",\"target\":[\"https:\\\/\\\/www.tousnosprojets-bpifrance.fr\\\/blogwp\\\/the-dansant-caritatif-organise-a-troyes\\\/\"]}]},{\"@type\":\"ImageObject\",\"inLanguage\":\"fr-FR\",\"@id\":\"https:\\\/\\\/www.tousnosprojets-bpifrance.fr\\\/blogwp\\\/the-dansant-caritatif-organise-a-troyes\\\/#primaryimage\",\"url\":\"https:\\\/\\\/www.tousnosprojets-bpifrance.fr\\\/blogwp\\\/wp-content\\\/uploads\\\/2022\\\/11\\\/the-dansant-caritatif-organise-a-troyes.jpg\",\"contentUrl\":\"https:\\\/\\\/www.tousnosprojets-bpifrance.fr\\\/blogwp\\\/wp-content\\\/uploads\\\/2022\\\/11\\\/the-dansant-caritatif-organise-a-troyes.jpg\",\"width\":970,\"height\":669},{\"@type\":\"BreadcrumbList\",\"@id\":\"https:\\\/\\\/www.tousnosprojets-bpifrance.fr\\\/blogwp\\\/the-dansant-caritatif-organise-a-troyes\\\/#breadcrumb\",\"itemListElement\":[{\"@type\":\"ListItem\",\"position\":1,\"name\":\"Accueil\",\"item\":\"https:\\\/\\\/www.tousnosprojets-bpifrance.fr\\\/blogwp\\\/\"},{\"@type\":\"ListItem\",\"position\":2,\"name\":\"Th\u00e9 dansant caritatif organis\u00e9 \u00e0 Troyes\"}]},{\"@type\":\"WebSite\",\"@id\":\"https:\\\/\\\/www.tousnosprojets-bpifrance.fr\\\/blogwp\\\/#website\",\"url\":\"https:\\\/\\\/www.tousnosprojets-bpifrance.fr\\\/blogwp\\\/\",\"name\":\"TOUSNOSPROJETS-BPIFRANCE\",\"description\":\"crowdfunding: Trucs, astuces et prestations.\",\"potentialAction\":[{\"@type\":\"SearchAction\",\"target\":{\"@type\":\"EntryPoint\",\"urlTemplate\":\"https:\\\/\\\/www.tousnosprojets-bpifrance.fr\\\/blogwp\\\/?s={search_term_string}\"},\"query-input\":{\"@type\":\"PropertyValueSpecification\",\"valueRequired\":true,\"valueName\":\"search_term_string\"}}],\"inLanguage\":\"fr-FR\"},{\"@type\":\"Person\",\"@id\":\"https:\\\/\\\/www.tousnosprojets-bpifrance.fr\\\/blogwp\\\/#\\\/schema\\\/person\\\/f876c490a3740cc789c3cb1e65a8adc0\",\"name\":\"Alan Perret\",\"image\":{\"@type\":\"ImageObject\",\"inLanguage\":\"fr-FR\",\"@id\":\"https:\\\/\\\/secure.gravatar.com\\\/avatar\\\/c6e94dc416a5e20b84c52da96347c55f193db85e5d7151f7011cdb10e2d787f1?s=96&d=mm&r=g\",\"url\":\"https:\\\/\\\/secure.gravatar.com\\\/avatar\\\/c6e94dc416a5e20b84c52da96347c55f193db85e5d7151f7011cdb10e2d787f1?s=96&d=mm&r=g\",\"contentUrl\":\"https:\\\/\\\/secure.gravatar.com\\\/avatar\\\/c6e94dc416a5e20b84c52da96347c55f193db85e5d7151f7011cdb10e2d787f1?s=96&d=mm&r=g\",\"caption\":\"Alan Perret\"},\"url\":\"https:\\\/\\\/www.tousnosprojets-bpifrance.fr\\\/blogwp\\\/author\\\/ncealan\\\/\"}]}<\/script>\n<!-- \/ Yoast SEO plugin. -->","yoast_head_json":{"title":"Th\u00e9 dansant caritatif organis\u00e9 \u00e0 Troyes - TOUSNOSPROJETS-BPIFRANCE","description":"Th\u00e9 dansant caritatif organis\u00e9 \u00e0 Troyes article de TOUSNOSPROJETS-BPIFRANCE","robots":{"index":"index","follow":"follow","max-snippet":"max-snippet:-1","max-image-preview":"max-image-preview:large","max-video-preview":"max-video-preview:-1"},"canonical":"https:\/\/www.tousnosprojets-bpifrance.fr\/blogwp\/the-dansant-caritatif-organise-a-troyes\/","og_locale":"fr_FR","og_type":"article","og_title":"Th\u00e9 dansant caritatif organis\u00e9 \u00e0 Troyes - TOUSNOSPROJETS-BPIFRANCE","og_description":"Th\u00e9 dansant caritatif organis\u00e9 \u00e0 Troyes article de TOUSNOSPROJETS-BPIFRANCE","og_url":"https:\/\/www.tousnosprojets-bpifrance.fr\/blogwp\/the-dansant-caritatif-organise-a-troyes\/","og_site_name":"TOUSNOSPROJETS-BPIFRANCE","article_published_time":"2022-10-25T00:08:00+00:00","og_image":[{"width":970,"height":669,"url":"https:\/\/www.tousnosprojets-bpifrance.fr\/blogwp\/wp-content\/uploads\/2022\/11\/the-dansant-caritatif-organise-a-troyes.jpg","type":"image\/jpeg"}],"author":"Alan Perret","twitter_card":"summary_large_image","twitter_misc":{"\u00c9crit par":"Alan Perret","Dur\u00e9e de lecture estim\u00e9e":"1 minute"},"schema":{"@context":"https:\/\/schema.org","@graph":[{"@type":"Article","@id":"https:\/\/www.tousnosprojets-bpifrance.fr\/blogwp\/the-dansant-caritatif-organise-a-troyes\/#article","isPartOf":{"@id":"https:\/\/www.tousnosprojets-bpifrance.fr\/blogwp\/the-dansant-caritatif-organise-a-troyes\/"},"author":{"name":"Alan Perret","@id":"https:\/\/www.tousnosprojets-bpifrance.fr\/blogwp\/#\/schema\/person\/f876c490a3740cc789c3cb1e65a8adc0"},"headline":"Th\u00e9 dansant caritatif organis\u00e9 \u00e0 Troyes","datePublished":"2022-10-25T00:08:00+00:00","mainEntityOfPage":{"@id":"https:\/\/www.tousnosprojets-bpifrance.fr\/blogwp\/the-dansant-caritatif-organise-a-troyes\/"},"wordCount":240,"image":{"@id":"https:\/\/www.tousnosprojets-bpifrance.fr\/blogwp\/the-dansant-caritatif-organise-a-troyes\/#primaryimage"},"thumbnailUrl":"https:\/\/www.tousnosprojets-bpifrance.fr\/blogwp\/wp-content\/uploads\/2022\/11\/the-dansant-caritatif-organise-a-troyes.jpg","articleSection":["Publication Crowdfunding:"],"inLanguage":"fr-FR"},{"@type":"WebPage","@id":"https:\/\/www.tousnosprojets-bpifrance.fr\/blogwp\/the-dansant-caritatif-organise-a-troyes\/","url":"https:\/\/www.tousnosprojets-bpifrance.fr\/blogwp\/the-dansant-caritatif-organise-a-troyes\/","name":"Th\u00e9 dansant caritatif organis\u00e9 \u00e0 Troyes - TOUSNOSPROJETS-BPIFRANCE","isPartOf":{"@id":"https:\/\/www.tousnosprojets-bpifrance.fr\/blogwp\/#website"},"primaryImageOfPage":{"@id":"https:\/\/www.tousnosprojets-bpifrance.fr\/blogwp\/the-dansant-caritatif-organise-a-troyes\/#primaryimage"},"image":{"@id":"https:\/\/www.tousnosprojets-bpifrance.fr\/blogwp\/the-dansant-caritatif-organise-a-troyes\/#primaryimage"},"thumbnailUrl":"https:\/\/www.tousnosprojets-bpifrance.fr\/blogwp\/wp-content\/uploads\/2022\/11\/the-dansant-caritatif-organise-a-troyes.jpg","datePublished":"2022-10-25T00:08:00+00:00","author":{"@id":"https:\/\/www.tousnosprojets-bpifrance.fr\/blogwp\/#\/schema\/person\/f876c490a3740cc789c3cb1e65a8adc0"},"description":"Th\u00e9 dansant caritatif organis\u00e9 \u00e0 Troyes article de TOUSNOSPROJETS-BPIFRANCE","breadcrumb":{"@id":"https:\/\/www.tousnosprojets-bpifrance.fr\/blogwp\/the-dansant-caritatif-organise-a-troyes\/#breadcrumb"},"inLanguage":"fr-FR","potentialAction":[{"@type":"ReadAction","target":["https:\/\/www.tousnosprojets-bpifrance.fr\/blogwp\/the-dansant-caritatif-organise-a-troyes\/"]}]},{"@type":"ImageObject","inLanguage":"fr-FR","@id":"https:\/\/www.tousnosprojets-bpifrance.fr\/blogwp\/the-dansant-caritatif-organise-a-troyes\/#primaryimage","url":"https:\/\/www.tousnosprojets-bpifrance.fr\/blogwp\/wp-content\/uploads\/2022\/11\/the-dansant-caritatif-organise-a-troyes.jpg","contentUrl":"https:\/\/www.tousnosprojets-bpifrance.fr\/blogwp\/wp-content\/uploads\/2022\/11\/the-dansant-caritatif-organise-a-troyes.jpg","width":970,"height":669},{"@type":"BreadcrumbList","@id":"https:\/\/www.tousnosprojets-bpifrance.fr\/blogwp\/the-dansant-caritatif-organise-a-troyes\/#breadcrumb","itemListElement":[{"@type":"ListItem","position":1,"name":"Accueil","item":"https:\/\/www.tousnosprojets-bpifrance.fr\/blogwp\/"},{"@type":"ListItem","position":2,"name":"Th\u00e9 dansant caritatif organis\u00e9 \u00e0 Troyes"}]},{"@type":"WebSite","@id":"https:\/\/www.tousnosprojets-bpifrance.fr\/blogwp\/#website","url":"https:\/\/www.tousnosprojets-bpifrance.fr\/blogwp\/","name":"TOUSNOSPROJETS-BPIFRANCE","description":"crowdfunding: Trucs, astuces et prestations.","potentialAction":[{"@type":"SearchAction","target":{"@type":"EntryPoint","urlTemplate":"https:\/\/www.tousnosprojets-bpifrance.fr\/blogwp\/?s={search_term_string}"},"query-input":{"@type":"PropertyValueSpecification","valueRequired":true,"valueName":"search_term_string"}}],"inLanguage":"fr-FR"},{"@type":"Person","@id":"https:\/\/www.tousnosprojets-bpifrance.fr\/blogwp\/#\/schema\/person\/f876c490a3740cc789c3cb1e65a8adc0","name":"Alan Perret","image":{"@type":"ImageObject","inLanguage":"fr-FR","@id":"https:\/\/secure.gravatar.com\/avatar\/c6e94dc416a5e20b84c52da96347c55f193db85e5d7151f7011cdb10e2d787f1?s=96&d=mm&r=g","url":"https:\/\/secure.gravatar.com\/avatar\/c6e94dc416a5e20b84c52da96347c55f193db85e5d7151f7011cdb10e2d787f1?s=96&d=mm&r=g","contentUrl":"https:\/\/secure.gravatar.com\/avatar\/c6e94dc416a5e20b84c52da96347c55f193db85e5d7151f7011cdb10e2d787f1?s=96&d=mm&r=g","caption":"Alan Perret"},"url":"https:\/\/www.tousnosprojets-bpifrance.fr\/blogwp\/author\/ncealan\/"}]}},"_links":{"self":[{"href":"https:\/\/www.tousnosprojets-bpifrance.fr\/blogwp\/wp-json\/wp\/v2\/posts\/122","targetHints":{"allow":["GET"]}}],"collection":[{"href":"https:\/\/www.tousnosprojets-bpifrance.fr\/blogwp\/wp-json\/wp\/v2\/posts"}],"about":[{"href":"https:\/\/www.tousnosprojets-bpifrance.fr\/blogwp\/wp-json\/wp\/v2\/types\/post"}],"author":[{"embeddable":true,"href":"https:\/\/www.tousnosprojets-bpifrance.fr\/blogwp\/wp-json\/wp\/v2\/users\/2"}],"replies":[{"embeddable":true,"href":"https:\/\/www.tousnosprojets-bpifrance.fr\/blogwp\/wp-json\/wp\/v2\/comments?post=122"}],"version-history":[{"count":0,"href":"https:\/\/www.tousnosprojets-bpifrance.fr\/blogwp\/wp-json\/wp\/v2\/posts\/122\/revisions"}],"wp:featuredmedia":[{"embeddable":true,"href":"https:\/\/www.tousnosprojets-bpifrance.fr\/blogwp\/wp-json\/wp\/v2\/media\/124"}],"wp:attachment":[{"href":"https:\/\/www.tousnosprojets-bpifrance.fr\/blogwp\/wp-json\/wp\/v2\/media?parent=122"}],"wp:term":[{"taxonomy":"category","embeddable":true,"href":"https:\/\/www.tousnosprojets-bpifrance.fr\/blogwp\/wp-json\/wp\/v2\/categories?post=122"},{"taxonomy":"post_tag","embeddable":true,"href":"https:\/\/www.tousnosprojets-bpifrance.fr\/blogwp\/wp-json\/wp\/v2\/tags?post=122"}],"curies":[{"name":"wp","href":"https:\/\/api.w.org\/{rel}","templated":true}]}}